{"id":36233,"date":"2022-01-13T10:36:48","date_gmt":"2022-01-13T08:36:48","guid":{"rendered":"https:\/\/herzogtum-direkt.de\/?p=36233"},"modified":"2022-01-13T11:35:00","modified_gmt":"2022-01-13T09:35:00","slug":"repair-cafe-oeffnet-in-ratzeburg","status":"publish","type":"post","link":"https:\/\/herzogtum-direkt.de\/index.php\/2022\/01\/13\/repair-cafe-oeffnet-in-ratzeburg\/","title":{"rendered":"Repair-Caf\u00e9 \u00f6ffnet in Ratzeburg"},"content":{"rendered":"\n<p><strong>Ratzeburg (pm). <\/strong>In Ratzeburg er\u00f6ffnet erstmalig ein Repair-Caf\u00e9, eine Selbsthilfewerkstatt zur Reparatur defekter Alltags- und Gebrauchsgegenst\u00e4nde. Es ist in einer Werkhalle auf dem alten Bauhofgel\u00e4nde im Pillauer Weg untergebracht und wird von Hauke Thomsen und Kim Langer aufgebaut. <\/p>\n\n\n\n<p>Inspiriert wurde diese Initiative durch das Dialogprojekt &#8218;Warum allein?&#8216; sowie durch die Ratzeburger Jugendklimakonferenz. &#8222;Schon seit L\u00e4ngerem wird in Ratzeburg \u00fcber Wege diskutiert, sowohl Angebote aktiver Nachbarschaftshilfe zu f\u00f6rdern und als auch mehr M\u00f6glichkeiten f\u00fcr einen ressourcenschonenden Umgang zu schaffen. Da bietet sich ein Repair-Caf\u00e9 geradezu an&#8220;, sagt Hauke Thomsen. Ein Vorbild ist das M\u00f6llner Repair Caf\u00e9. Es ist seit 2017 in der Internationalen Begegnungsst\u00e4tte &#8218;Lohgerberei&#8216; aktiv. Repair-Caf\u00e9s entstehen und entwickeln sich aktuell an vielen Orten im Land. Ihr Motto ist \u201eReparieren statt wegwerfen und neu kaufen\u201c. Getragen werden sie in \u00fcberwiegender Zahl, wie auch in M\u00f6lln, von ehrenamtlich aktiven Menschen, die \u00fcber eine handwerkliche Geschicklichkeit oder Bef\u00e4higung verf\u00fcgen und Freude daran haben, anderen Menschen zu helfen. Es sind mithin beispielgebende Nachhaltigkeitsprojekte mit hohem sozialem Begegnungsfaktor.<\/p>\n\n\n\n<p>Dass ein Repair-Caf\u00e9 auch in Ratzeburg entstehen kann ist zum einem dem st\u00e4dtischen Ausschuss f\u00fcr Schule, Jugend und Sport zu verdanken, der sich offen f\u00fcr dessen Einrichtung in der st\u00e4dtischen Werkhalle auf dem alten Bauhof gezeigt hat und die Initiativ, so ein einstimmiger Beschluss, gerne unterst\u00fctzen will. Aber auch die B\u00fcrgerstiftung Ratzeburg hat daran ihren ma\u00dfgeblichen Anteil. Sie bot sich dem Repair-Caf\u00e9 organisatorisch als Dach und Rahmen an und setzte damit den ma\u00dfgeblichen Impuls f\u00fcr die Initiatoren, jetzt auch wirklich zu starten. <\/p>\n\n\n\n<p>Offizieller Er\u00f6ffnungstermin soll der 22. Januar 2022 sein. In der Zeit von 14 Uhr bis 17 Uhr k\u00f6nnen defekte Ger\u00e4te oder M\u00f6bel zur gemeinsamen Reparatur vorbeigebracht werden. Es wird begleitende Hilfestellung gegeben, mit praktischen Anleitungen, Tipps zur eigenst\u00e4ndigen Reparatur und Unterst\u00fctzung in der Werkzeugf\u00fchrung. Grunds\u00e4tzlich entsteht dabei kein Anspruch auf Gew\u00e4hrleistung. Wer Interesse an fachlich-technisch-handwerklich-kreativer Mitgestaltung hat, ist im Repair-Caf\u00e9 besonders willkommen. &#8222;Wir hoffen, dass sich \u00fcber die Zeit ein ganzes Team von fachkundigen Reparateuren findet, die uns ehrenamtlich mit ihrer Expertise unterst\u00fctzen k\u00f6nnen und wollen&#8220;, sagt Hauke Thomsen und denkt dabei vor allem an Personen, die nach einem erfahrungsreichen Berufsleben jetzt im Ruhestand sind und sich vorstellen k\u00f6nnen, ihre F\u00e4higkeiten in den Dienst von Nachhaltigkeit und Gemeinschaft zu stellen. F\u00fcr alle, die neugierig auf das neue Repair-Caf\u00e9 sind und erst einfach mal vorbeischauen wollen, wird Kaffee und Kuchen auf Spendenbasis gereicht. Kuchenspenden sind dabei nat\u00fcrlich herzlich willkommen. Der Besuch des Repair-Caf\u00e9 ist an die Coronaauflagen gebunden. Es gilt die 2G-Regel, deren Nachweis am Eingang kontrolliert wird.<\/p>\n","protected":false},"excerpt":{"rendered":"<p>Ratzeburg (pm). In Ratzeburg er\u00f6ffnet erstmalig ein Repair-Caf\u00e9, eine Selbsthilfewerkstatt zur Reparatur defekter Alltags- und Gebrauchsgegenst\u00e4nde. Es ist in einer Werkhalle auf dem alten Bauhofgel\u00e4nde im Pillauer Weg untergebracht und wird von Hauke Thomsen und Kim Langer aufgebaut. Inspiriert wurde diese Initiative durch das Dialogprojekt &#8218;Warum allein?&#8216; sowie durch die Ratzeburger Jugendklimakonferenz. &#8222;Schon seit L\u00e4ngerem [&hellip;]<\/p>\n","protected":false},"author":2,"featured_media":36234,"comment_status":"closed","ping_status":"closed","sticky":false,"template":"","format":"standard","meta":{"jnews-multi-image_gallery":[],"jnews_single_post":{"subtitle":"Fachkundige Reparierende zur Unterst\u00fctzung willkommen","format":"standard","video":"","gallery":"","source_name":"","source_url":"","via_name":"","via_url":"","override_template":"0","override":[{"template":"1","single_blog_custom":"","parallax":"1","fullscreen":"1","layout":"right-sidebar","sidebar":"default-sidebar","second_sidebar":"default-sidebar","sticky_sidebar":"1","share_position":"top","share_float_style":"share-monocrhome","show_share_counter":"1","show_view_counter":"1","show_featured":"1","show_post_meta":"1","show_post_author":"1","show_post_author_image":"1","show_post_date":"1","post_date_format":"default","post_date_format_custom":"Y\/m\/d","show_post_category":"1","show_post_reading_time":"0","post_reading_time_wpm":"300","show_zoom_button":"0","zoom_button_out_step":"2","zoom_button_in_step":"3","show_post_tag":"1","show_prev_next_post":"1","show_popup_post":"1","number_popup_post":"1","show_author_box":"0","show_post_related":"0","show_inline_post_related":"0"}],"override_image_size":"0","image_override":[{"single_post_thumbnail_size":"crop-500","single_post_gallery_size":"crop-500"}],"trending_post":"0","trending_post_position":"meta","trending_post_label":"Trending","sponsored_post":"0","sponsored_post_label":"Sponsored by","sponsored_post_name":"","sponsored_post_url":"","sponsored_post_logo_enable":"0","sponsored_post_logo":"","sponsored_post_desc":"","disable_ad":"0"},"jnews_primary_category":{"id":""},"jnews_social_meta":{"fb_title":"","fb_description":"","fb_image":"","twitter_title":"","twitter_description":"","twitter_image":""},"jnews_override_counter":{"override_view_counter":"0","view_counter_number":"0","override_share_counter":"0","share_counter_number":"0","override_like_counter":"0","like_counter_number":"0","override_dislike_counter":"0","dislike_counter_number":"0"},"jnews_post_split":{"enable_post_split":"0","post_split":[{"template":"1","tag":"h2","numbering":"asc","mode":"normal","first":"0","enable_toc":"0","toc_type":"normal"}]},"footnotes":""},"categories":[63,64],"tags":[2688,654,114,490,1719],"class_list":["post-36233","post","type-post","status-publish","format-standard","has-post-thumbnail","hentry","category-herzogtum-lauenburg","category-ratzeburg","tag-nachbarschaftshilfe","tag-nachhaltigkeit","tag-ratzeburg","tag-repaircafe","tag-umweltschutz"],"_links":{"self":[{"href":"https:\/\/herzogtum-direkt.de\/index.php\/wp-json\/wp\/v2\/posts\/36233","targetHints":{"allow":["GET"]}}],"collection":[{"href":"https:\/\/herzogtum-direkt.de\/index.php\/wp-json\/wp\/v2\/posts"}],"about":[{"href":"https:\/\/herzogtum-direkt.de\/index.php\/wp-json\/wp\/v2\/types\/post"}],"author":[{"embeddable":true,"href":"https:\/\/herzogtum-direkt.de\/index.php\/wp-json\/wp\/v2\/users\/2"}],"replies":[{"embeddable":true,"href":"https:\/\/herzogtum-direkt.de\/index.php\/wp-json\/wp\/v2\/comments?post=36233"}],"version-history":[{"count":2,"href":"https:\/\/herzogtum-direkt.de\/index.php\/wp-json\/wp\/v2\/posts\/36233\/revisions"}],"predecessor-version":[{"id":36237,"href":"https:\/\/herzogtum-direkt.de\/index.php\/wp-json\/wp\/v2\/posts\/36233\/revisions\/36237"}],"wp:featuredmedia":[{"embeddable":true,"href":"https:\/\/herzogtum-direkt.de\/index.php\/wp-json\/wp\/v2\/media\/36234"}],"wp:attachment":[{"href":"https:\/\/herzogtum-direkt.de\/index.php\/wp-json\/wp\/v2\/media?parent=36233"}],"wp:term":[{"taxonomy":"category","embeddable":true,"href":"https:\/\/herzogtum-direkt.de\/index.php\/wp-json\/wp\/v2\/categories?post=36233"},{"taxonomy":"post_tag","embeddable":true,"href":"https:\/\/herzogtum-direkt.de\/index.php\/wp-json\/wp\/v2\/tags?post=36233"}],"curies":[{"name":"wp","href":"https:\/\/api.w.org\/{rel}","templated":true}]}}