{"id":35790,"date":"2021-12-27T10:13:11","date_gmt":"2021-12-27T08:13:11","guid":{"rendered":"https:\/\/herzogtum-direkt.de\/?p=35790"},"modified":"2021-12-27T10:13:12","modified_gmt":"2021-12-27T08:13:12","slug":"landesregierung-beschliesst-aenderungen-der-corona-bekaempfungsverordnung","status":"publish","type":"post","link":"https:\/\/herzogtum-direkt.de\/index.php\/2021\/12\/27\/landesregierung-beschliesst-aenderungen-der-corona-bekaempfungsverordnung\/","title":{"rendered":"Landesregierung beschlie\u00dft \u00c4nderungen der Corona-Bek\u00e4mpfungsverordnung"},"content":{"rendered":"\n<p><strong>Kiel (pm).<\/strong> Die Landesregierung hat am 23. Dezember eine Verl\u00e4ngerung der Corona-Bek\u00e4mpfungsverordnung beschlossen. Diese gilt zun\u00e4chst bis zum 18. Januar 2022 mit den bereits nach den Bund-L\u00e4nder-Beratungen angek\u00fcndigten Ma\u00dfnahmen. <\/p>\n\n\n\n<p>Ministerpr\u00e4sident Daniel G\u00fcnther: &#8222;Wir sind bisher vergleichsweise gut durch die Pandemie gekommen, weil wir vorausschauend gehandelt haben und die Schleswig-Holsteinerinnen und Schleswig-Holsteiner diesen klaren Kurs unterst\u00fctzt haben. Mit Blick auf die sich verbreitende Omikron-Variante des Corona-Virus nehmen wir in Fortf\u00fchrung dieses Kurses Einschr\u00e4nkungen vor. Dabei ber\u00fccksichtigen wir die deutlich bessere Lage in Schleswig-Holstein hinsichtlich Inzidenz, Hospitalisierung und Impfquote. Die wollen wir aber erhalten. Daher ist es umso wichtiger, dass wir uns alle weiterhin an die Regeln halten, damit wir auch diese schwierige Situation meistern. Meine Bitte an die B\u00fcrgerinnen und B\u00fcrger auch f\u00fcr die bevorstehenden Festtage lautet: Handeln Sie weiter so verantwortungsbewusst wie in der Vergangenheit, auch \u00fcber Weihnachten und Silvester, damit wir unseren erfolgreichen Kampf gegen Corona fortsetzen k\u00f6nnen.&#8220;<\/p>\n\n\n\n<p><strong>Die wichtigsten \u00c4nderungen:<\/strong><\/p>\n\n\n\n<ul class=\"wp-block-list\"><li>Zu den bereits geltenden Beschr\u00e4nkungen f\u00fcr Ungeimpfte kommen Kontaktbeschr\u00e4nkungen auch f\u00fcr Geimpfte und Genesene: Ab dem 28. Dezember sind Treffen im privaten Raum (Wohnung und dazugeh\u00f6riger Garten) nur noch mit maximal zehn Personen m\u00f6glich, au\u00dfer alle Personen geh\u00f6ren einem Haushalt an. Kinder unter 14 Jahren werden dabei nicht mitgez\u00e4hlt, unabh\u00e4ngig ob sie geimpft oder genesen sind.<\/li><li>In Diskotheken und Clubs mit Tanzen m\u00fcssen die Kapazit\u00e4ten ab dem 28. Dezember unter den bereits g\u00fcltigen &#8222;2Gplus&#8220;-Regeln auf 50 Prozent (max. 1000 Personen) reduziert werden. Es gilt eine Maskenpflicht \u2013 auch beim Tanzen. G\u00e4ste d\u00fcrfen Getr\u00e4nke oder Speisen ausschlie\u00dflich an ihrem festen Steh- oder Sitzplatz an Tischen verzehren und nicht w\u00e4hrend sie sich in der Diskothek\/Einrichtung frei bewegen.<\/li><li>Bei Tanzveranstaltungen wie zum Beispiel B\u00e4llen oder Tanzpartys, aber auch bei vergleichbaren Festen in Gastst\u00e4tten (mit Tanz), wird die Teilnehmerzahl ab dem 28. Dezember ebenso auf die H\u00e4lfte der r\u00e4umlichen Kapazit\u00e4t begrenzt. Au\u00dferdem gelten in diesen F\u00e4llen auch dort &#8222;2Gplus&#8220; sowie Maskenpflicht wie in Diskotheken.<\/li><li>Der Verzehr in der Innengastronomie (Speisen und Getr\u00e4nke) ist ab dem 28. Dezember nur noch an festen Sitz- oder Stehpl\u00e4tzen mit Tischen m\u00f6glich.<\/li><li>F\u00fcr Stra\u00dfen, Wege und Pl\u00e4tze sowie f\u00fcr sonstige Fl\u00e4chen, auf denen insbesondere zu Silvester und Neujahr mit verst\u00e4rktem Personenaufkommen zu rechnen ist, k\u00f6nnen die zust\u00e4ndigen Beh\u00f6rden Kontakte auf bestimmte Gruppengr\u00f6\u00dfen beschr\u00e4nken, um gr\u00f6\u00dfere Ansammlungen zu verhindern.<\/li><li>Au\u00dferdem k\u00f6nnen sie besondere Ma\u00dfnahmen anordnen, z.B. dass zwischen den Angeh\u00f6rigen unterschiedlicher Haushalte ein Mindestabstand einzuhalten ist,<br>das Tragen von Mund-Nasen-Bedeckungen erforderlich ist.<\/li><li>Gro\u00dfveranstaltungen wie Konzerte oder im gesamten Sportbereich mit mehr als 1000 Zuschauerinnen und Zuschauern (Innen- und Au\u00dfenbereiche) werden ab dem 28. Dezember grunds\u00e4tzlich untersagt.<br>Die Verordnung gilt bis einschl. 18. Januar 2022.<\/li><\/ul>\n\n\n\n<p>Den gesamten Verordnungstext finden Sie hier: <a href=\"https:\/\/schleswig-holstein.de\/coronavirus-erlasse\">https:\/\/schleswig-holstein.de\/coronavirus-erlasse<\/a><\/p>\n","protected":false},"excerpt":{"rendered":"<p>Kiel (pm). Die Landesregierung hat am 23. Dezember eine Verl\u00e4ngerung der Corona-Bek\u00e4mpfungsverordnung beschlossen. Diese gilt zun\u00e4chst bis zum 18. Januar 2022 mit den bereits nach den Bund-L\u00e4nder-Beratungen angek\u00fcndigten Ma\u00dfnahmen. Ministerpr\u00e4sident Daniel G\u00fcnther: &#8222;Wir sind bisher vergleichsweise gut durch die Pandemie gekommen, weil wir vorausschauend gehandelt haben und die Schleswig-Holsteinerinnen und Schleswig-Holsteiner diesen klaren Kurs unterst\u00fctzt [&hellip;]<\/p>\n","protected":false},"author":2,"featured_media":35661,"comment_status":"closed","ping_status":"closed","sticky":false,"template":"","format":"standard","meta":{"jnews-multi-image_gallery":[],"jnews_single_post":{"subtitle":"","format":"standard","video":"","gallery":"","source_name":"","source_url":"","via_name":"","via_url":"","override_template":"0","override":[{"template":"1","single_blog_custom":"","parallax":"1","fullscreen":"1","layout":"right-sidebar","sidebar":"default-sidebar","second_sidebar":"default-sidebar","sticky_sidebar":"1","share_position":"top","share_float_style":"share-monocrhome","show_share_counter":"1","show_view_counter":"1","show_featured":"1","show_post_meta":"1","show_post_author":"1","show_post_author_image":"1","show_post_date":"1","post_date_format":"default","post_date_format_custom":"Y\/m\/d","show_post_category":"1","show_post_reading_time":"0","post_reading_time_wpm":"300","show_zoom_button":"0","zoom_button_out_step":"2","zoom_button_in_step":"3","show_post_tag":"1","show_prev_next_post":"1","show_popup_post":"1","number_popup_post":"1","show_author_box":"0","show_post_related":"0","show_inline_post_related":"0"}],"override_image_size":"0","image_override":[{"single_post_thumbnail_size":"crop-500","single_post_gallery_size":"crop-500"}],"trending_post":"0","trending_post_position":"meta","trending_post_label":"Trending","sponsored_post":"0","sponsored_post_label":"Sponsored by","sponsored_post_name":"","sponsored_post_url":"","sponsored_post_logo_enable":"0","sponsored_post_logo":"","sponsored_post_desc":"","disable_ad":"0"},"jnews_primary_category":{"id":""},"jnews_social_meta":{"fb_title":"","fb_description":"","fb_image":"","twitter_title":"","twitter_description":"","twitter_image":""},"jnews_override_counter":{"override_view_counter":"0","view_counter_number":"0","override_share_counter":"0","share_counter_number":"0","override_like_counter":"0","like_counter_number":"0","override_dislike_counter":"0","dislike_counter_number":"0"},"jnews_post_split":{"enable_post_split":"0","post_split":[{"template":"1","tag":"h2","numbering":"asc","mode":"normal","first":"0","enable_toc":"0","toc_type":"normal"}]},"footnotes":""},"categories":[75,63],"tags":[2630],"class_list":["post-35790","post","type-post","status-publish","format-standard","has-post-thumbnail","hentry","category-gesundheit","category-herzogtum-lauenburg","tag-corona"],"_links":{"self":[{"href":"https:\/\/herzogtum-direkt.de\/index.php\/wp-json\/wp\/v2\/posts\/35790","targetHints":{"allow":["GET"]}}],"collection":[{"href":"https:\/\/herzogtum-direkt.de\/index.php\/wp-json\/wp\/v2\/posts"}],"about":[{"href":"https:\/\/herzogtum-direkt.de\/index.php\/wp-json\/wp\/v2\/types\/post"}],"author":[{"embeddable":true,"href":"https:\/\/herzogtum-direkt.de\/index.php\/wp-json\/wp\/v2\/users\/2"}],"replies":[{"embeddable":true,"href":"https:\/\/herzogtum-direkt.de\/index.php\/wp-json\/wp\/v2\/comments?post=35790"}],"version-history":[{"count":2,"href":"https:\/\/herzogtum-direkt.de\/index.php\/wp-json\/wp\/v2\/posts\/35790\/revisions"}],"predecessor-version":[{"id":35792,"href":"https:\/\/herzogtum-direkt.de\/index.php\/wp-json\/wp\/v2\/posts\/35790\/revisions\/35792"}],"wp:featuredmedia":[{"embeddable":true,"href":"https:\/\/herzogtum-direkt.de\/index.php\/wp-json\/wp\/v2\/media\/35661"}],"wp:attachment":[{"href":"https:\/\/herzogtum-direkt.de\/index.php\/wp-json\/wp\/v2\/media?parent=35790"}],"wp:term":[{"taxonomy":"category","embeddable":true,"href":"https:\/\/herzogtum-direkt.de\/index.php\/wp-json\/wp\/v2\/categories?post=35790"},{"taxonomy":"post_tag","embeddable":true,"href":"https:\/\/herzogtum-direkt.de\/index.php\/wp-json\/wp\/v2\/tags?post=35790"}],"curies":[{"name":"wp","href":"https:\/\/api.w.org\/{rel}","templated":true}]}}