{"id":35252,"date":"2021-12-10T09:50:04","date_gmt":"2021-12-10T07:50:04","guid":{"rendered":"https:\/\/herzogtum-direkt.de\/?p=35252"},"modified":"2021-12-10T09:50:04","modified_gmt":"2021-12-10T07:50:04","slug":"ihk-zu-luebeck-hat-die-vollversammlung-gewaehlt","status":"publish","type":"post","link":"https:\/\/herzogtum-direkt.de\/index.php\/2021\/12\/10\/ihk-zu-luebeck-hat-die-vollversammlung-gewaehlt\/","title":{"rendered":"IHK zu L\u00fcbeck hat die Vollversammlung gew\u00e4hlt"},"content":{"rendered":"\n<p><strong>Herzogtum Lauenburg (pm)<\/strong>. Die Mitglieder der IHK zu L\u00fcbeck haben ihre Vollversammlung f\u00fcr die kommenden sechs Jahre gew\u00e4hlt. Der Vorsitzende des Wahlausschusses, IHK-Vicepr\u00e4ses Dr. Arno Probst, stellte das vorl\u00e4ufige Ergebnis fest. Die Beteiligung lag bei 7,8 Prozent. \u201eErfreulich ist, dass mehr als die H\u00e4lfte der W\u00e4hlerinnen und W\u00e4hler unser neues Angebot der Online-Wahl genutzt hat&#8220;, so Probst.<\/p>\n\n\n\n<p>Insgesamt hatten sich 122 Kandidatinnen und Kandidaten zur Wahl gestellt, 41 von ihnen hatten bereits einen der 64 Sitze im h\u00f6chsten IHK-Gremium und bewarben sich erneut f\u00fcr die ehrenamtliche Aufgabe. \u201eIn den kommenden sechs Jahren werden 24 der bisherigen und 40 neue Vollversammlungsmitglieder die Leitlinien der IHK zu L\u00fcbeck diskutieren und festlegen. \u201eErfreulich ist, dass k\u00fcnftig 17 Frauen vertreten sein werden. Das entspricht einer Quote von 26,6 Prozent und liegt damit \u00fcber dem Verh\u00e4ltnis der von Frauen gef\u00fchrten Unternehmen im Hansebelt&#8220;, betonte Probst.&nbsp;<\/p>\n\n\n\n<p>Am Dienstag, 25. Januar 2022, konstituiert sich die neue Vollversammlung. An dem Tag w\u00e4hlen die Mitglieder aus ihrer Mitte die oder den Pr\u00e4ses und das Pr\u00e4sidium. IHK-Pr\u00e4ses Friederike C. K\u00fchn, die satzungsgem\u00e4\u00df nach neun Jahren nicht wieder f\u00fcr das h\u00f6chste Ehrenamt kandidieren kann, scheidet aus der Vollversammlung aus.<\/p>\n\n\n\n<p>Der Wahlbezirk II betrifft den Kreis Herzogtum Lauenburg, hier wurden in der Wahlgruppe 1 f\u00fcr die Industrie, Hartmut B\u00fcsche, gesch\u00e4ftsf\u00fchrender Gesellschafter, HMB Quarzglas aus Elmenhorst gew\u00e4hlt. Die Wahlgruppe 2 f\u00fcr den Gro\u00df- und Au\u00dfenhandel wurde Frank Jungclaus, gesch\u00e4ftsf\u00fchrender Gesellschafter der Firma Gollnest &amp; Kiesel aus G\u00fcster und f\u00fcr die Wahlgruppe 3, den Einzelhandel, Detlev Schmalfeld, Prokurist vom Selbstbaumarkt M\u00f6lln gew\u00e4hlt. In der Wahlgruppe 4 f\u00fcr allgemeine Dienstleistung wurden Thomas Buhck, gesch\u00e4ftsf\u00fchrender Gesellschafter, der Firma Buhck aus Wiershop und Philipp Staneck, gesch\u00e4ftsf\u00fchrender Gesellschafter der Firma Askanierhaus aus Lauenburg gew\u00e4hlt.<\/p>\n","protected":false},"excerpt":{"rendered":"<p>Herzogtum Lauenburg (pm). Die Mitglieder der IHK zu L\u00fcbeck haben ihre Vollversammlung f\u00fcr die kommenden sechs Jahre gew\u00e4hlt. Der Vorsitzende des Wahlausschusses, IHK-Vicepr\u00e4ses Dr. Arno Probst, stellte das vorl\u00e4ufige Ergebnis fest. Die Beteiligung lag bei 7,8 Prozent. \u201eErfreulich ist, dass mehr als die H\u00e4lfte der W\u00e4hlerinnen und W\u00e4hler unser neues Angebot der Online-Wahl genutzt hat&#8220;, [&hellip;]<\/p>\n","protected":false},"author":2,"featured_media":35259,"comment_status":"closed","ping_status":"closed","sticky":false,"template":"","format":"standard","meta":{"jnews-multi-image_gallery":[],"jnews_single_post":{"subtitle":"Wahlbezirk II betrifft den Kreis Herzogtum Lauenburg","format":"standard","video":"","gallery":"","source_name":"","source_url":"","via_name":"","via_url":"","override_template":"0","override":[{"template":"1","single_blog_custom":"","parallax":"1","fullscreen":"1","layout":"right-sidebar","sidebar":"default-sidebar","second_sidebar":"default-sidebar","sticky_sidebar":"1","share_position":"top","share_float_style":"share-monocrhome","show_share_counter":"1","show_view_counter":"1","show_featured":"1","show_post_meta":"1","show_post_author":"1","show_post_author_image":"1","show_post_date":"1","post_date_format":"default","post_date_format_custom":"Y\/m\/d","show_post_category":"1","show_post_reading_time":"0","post_reading_time_wpm":"300","show_zoom_button":"0","zoom_button_out_step":"2","zoom_button_in_step":"3","show_post_tag":"1","show_prev_next_post":"1","show_popup_post":"1","number_popup_post":"1","show_author_box":"0","show_post_related":"0","show_inline_post_related":"0"}],"override_image_size":"0","image_override":[{"single_post_thumbnail_size":"crop-500","single_post_gallery_size":"crop-500"}],"trending_post":"0","trending_post_position":"meta","trending_post_label":"Trending","sponsored_post":"0","sponsored_post_label":"Sponsored by","sponsored_post_name":"","sponsored_post_url":"","sponsored_post_logo_enable":"0","sponsored_post_logo":"","sponsored_post_desc":"","disable_ad":"0"},"jnews_primary_category":{"id":""},"jnews_social_meta":{"fb_title":"","fb_description":"","fb_image":"","twitter_title":"","twitter_description":"","twitter_image":""},"jnews_override_counter":{"override_view_counter":"0","view_counter_number":"0","override_share_counter":"0","share_counter_number":"0","override_like_counter":"0","like_counter_number":"0","override_dislike_counter":"0","dislike_counter_number":"0"},"jnews_post_split":{"enable_post_split":"0","post_split":[{"template":"1","tag":"h2","numbering":"asc","mode":"normal","first":"0","enable_toc":"0","toc_type":"normal"}]},"footnotes":""},"categories":[63,72],"tags":[301,260,1383],"class_list":["post-35252","post","type-post","status-publish","format-standard","has-post-thumbnail","hentry","category-herzogtum-lauenburg","category-wirtschaft","tag-ehrenamt","tag-herzogtum-lauenburg","tag-ihk-luebeck"],"_links":{"self":[{"href":"https:\/\/herzogtum-direkt.de\/index.php\/wp-json\/wp\/v2\/posts\/35252","targetHints":{"allow":["GET"]}}],"collection":[{"href":"https:\/\/herzogtum-direkt.de\/index.php\/wp-json\/wp\/v2\/posts"}],"about":[{"href":"https:\/\/herzogtum-direkt.de\/index.php\/wp-json\/wp\/v2\/types\/post"}],"author":[{"embeddable":true,"href":"https:\/\/herzogtum-direkt.de\/index.php\/wp-json\/wp\/v2\/users\/2"}],"replies":[{"embeddable":true,"href":"https:\/\/herzogtum-direkt.de\/index.php\/wp-json\/wp\/v2\/comments?post=35252"}],"version-history":[{"count":3,"href":"https:\/\/herzogtum-direkt.de\/index.php\/wp-json\/wp\/v2\/posts\/35252\/revisions"}],"predecessor-version":[{"id":35261,"href":"https:\/\/herzogtum-direkt.de\/index.php\/wp-json\/wp\/v2\/posts\/35252\/revisions\/35261"}],"wp:featuredmedia":[{"embeddable":true,"href":"https:\/\/herzogtum-direkt.de\/index.php\/wp-json\/wp\/v2\/media\/35259"}],"wp:attachment":[{"href":"https:\/\/herzogtum-direkt.de\/index.php\/wp-json\/wp\/v2\/media?parent=35252"}],"wp:term":[{"taxonomy":"category","embeddable":true,"href":"https:\/\/herzogtum-direkt.de\/index.php\/wp-json\/wp\/v2\/categories?post=35252"},{"taxonomy":"post_tag","embeddable":true,"href":"https:\/\/herzogtum-direkt.de\/index.php\/wp-json\/wp\/v2\/tags?post=35252"}],"curies":[{"name":"wp","href":"https:\/\/api.w.org\/{rel}","templated":true}]}}