{"id":35225,"date":"2021-12-09T10:47:41","date_gmt":"2021-12-09T08:47:41","guid":{"rendered":"https:\/\/herzogtum-direkt.de\/?p=35225"},"modified":"2021-12-09T10:47:41","modified_gmt":"2021-12-09T08:47:41","slug":"22-oeffentliche-sitzung-der-stadtvertretung-der-stadt-ratzeburg","status":"publish","type":"post","link":"https:\/\/herzogtum-direkt.de\/index.php\/2021\/12\/09\/22-oeffentliche-sitzung-der-stadtvertretung-der-stadt-ratzeburg\/","title":{"rendered":"22. \u00f6ffentliche Sitzung der Stadtvertretung der Stadt Ratzeburg"},"content":{"rendered":"\n<p><strong>Ratzeburg (pm).<\/strong> Am Montag,\u00a013. Dezember 2021\u00a0tritt die Stadtvertretung der Stadt Ratzeburg zu\u00a0ihrer 22. \u00f6ffentlichen Sitzung zusammen. Beginn der Sitzung ist um 18.30 Uhr in der\u00a0Aula der Lauenburgischen Gelehrtenschule, Bahnhofsallee 22. <\/p>\n\n\n\n<p>Auf der Tagesordnung stehen unter anderem der\u00a0T\u00e4tigkeitsbericht 2020 der\u00a0Gleichstellungsbeauftragten der Stadt Ratzeburg, der\u00a0erste Nachtragshaushaltsplan 2021 sowie der Haushaltplan 2022, die\u00a0St\u00e4dtebauliche Gesamtma\u00dfnahme &#8222;Zukunftsgestaltung Daseinsvorsorge&#8220; mit einer Beschlussfassung \u00fcber die Erweiterung des Ma\u00dfnahmengebietes \u201eS\u00fcdlicher Inselrand\u201c im Bereich der Seebadeanstalt Schlosswiese, die\u00a0Neufassung der Verordnung \u00fcber Parkgeb\u00fchren in der Stadt Ratzeburg, der\u00a0Wirtschaftsplan der Ratzeburger Wirtschaftsbetriebe f\u00fcr das Jahr 2022, Stra\u00dfenreinigungs- und Abwassergeb\u00fchren sowie\u00a0Angelegenheiten der Volkshochschule.<br><\/p>\n\n\n\n<p>Informationen zur Sitzung wie auch zu allen anderen&nbsp;politischen Gremien&nbsp;sind auf der st\u00e4dtischen Webseite im&nbsp;<a href=\"https:\/\/www.ratzeburg.de\/admin\/cms\/admin.php\" target=\"_blank\" rel=\"noreferrer noopener\">Sitzungsinformationssystem<\/a>&nbsp;f\u00fcr&nbsp;interessierte B\u00fcrgerinnen und B\u00fcrger&nbsp;bereit gestellt.<\/p>\n","protected":false},"excerpt":{"rendered":"<p>Ratzeburg (pm). Am Montag,\u00a013. Dezember 2021\u00a0tritt die Stadtvertretung der Stadt Ratzeburg zu\u00a0ihrer 22. \u00f6ffentlichen Sitzung zusammen. Beginn der Sitzung ist um 18.30 Uhr in der\u00a0Aula der Lauenburgischen Gelehrtenschule, Bahnhofsallee 22. Auf der Tagesordnung stehen unter anderem der\u00a0T\u00e4tigkeitsbericht 2020 der\u00a0Gleichstellungsbeauftragten der Stadt Ratzeburg, der\u00a0erste Nachtragshaushaltsplan 2021 sowie der Haushaltplan 2022, die\u00a0St\u00e4dtebauliche Gesamtma\u00dfnahme &#8222;Zukunftsgestaltung Daseinsvorsorge&#8220; mit einer [&hellip;]<\/p>\n","protected":false},"author":2,"featured_media":31272,"comment_status":"closed","ping_status":"closed","sticky":false,"template":"","format":"standard","meta":{"jnews-multi-image_gallery":[],"jnews_single_post":{"subtitle":"","format":"standard","video":"","gallery":"","source_name":"","source_url":"","via_name":"","via_url":"","override_template":"0","override":[{"template":"1","single_blog_custom":"","parallax":"1","fullscreen":"1","layout":"right-sidebar","sidebar":"default-sidebar","second_sidebar":"default-sidebar","sticky_sidebar":"1","share_position":"top","share_float_style":"share-monocrhome","show_share_counter":"1","show_view_counter":"1","show_featured":"1","show_post_meta":"1","show_post_author":"1","show_post_author_image":"1","show_post_date":"1","post_date_format":"default","post_date_format_custom":"Y\/m\/d","show_post_category":"1","show_post_reading_time":"0","post_reading_time_wpm":"300","show_zoom_button":"0","zoom_button_out_step":"2","zoom_button_in_step":"3","show_post_tag":"1","show_prev_next_post":"1","show_popup_post":"1","number_popup_post":"1","show_author_box":"0","show_post_related":"0","show_inline_post_related":"0"}],"override_image_size":"0","image_override":[{"single_post_thumbnail_size":"crop-500","single_post_gallery_size":"crop-500"}],"trending_post":"0","trending_post_position":"meta","trending_post_label":"Trending","sponsored_post":"0","sponsored_post_label":"Sponsored by","sponsored_post_name":"","sponsored_post_url":"","sponsored_post_logo_enable":"0","sponsored_post_logo":"","sponsored_post_desc":"","disable_ad":"0"},"jnews_primary_category":{"id":""},"jnews_social_meta":{"fb_title":"","fb_description":"","fb_image":"","twitter_title":"","twitter_description":"","twitter_image":""},"jnews_override_counter":{"override_view_counter":"0","view_counter_number":"0","override_share_counter":"0","share_counter_number":"0","override_like_counter":"0","like_counter_number":"0","override_dislike_counter":"0","dislike_counter_number":"0"},"jnews_post_split":{"enable_post_split":"0","post_split":[{"template":"1","tag":"h2","numbering":"asc","mode":"normal","first":"0","enable_toc":"0","toc_type":"normal"}]},"footnotes":""},"categories":[64],"tags":[2231,114,2780,682],"class_list":["post-35225","post","type-post","status-publish","format-standard","has-post-thumbnail","hentry","category-ratzeburg","tag-kommunalpolitik","tag-ratzeburg","tag-seebadeanstalt-schlosswiese","tag-vhs-ratzeburg"],"_links":{"self":[{"href":"https:\/\/herzogtum-direkt.de\/index.php\/wp-json\/wp\/v2\/posts\/35225","targetHints":{"allow":["GET"]}}],"collection":[{"href":"https:\/\/herzogtum-direkt.de\/index.php\/wp-json\/wp\/v2\/posts"}],"about":[{"href":"https:\/\/herzogtum-direkt.de\/index.php\/wp-json\/wp\/v2\/types\/post"}],"author":[{"embeddable":true,"href":"https:\/\/herzogtum-direkt.de\/index.php\/wp-json\/wp\/v2\/users\/2"}],"replies":[{"embeddable":true,"href":"https:\/\/herzogtum-direkt.de\/index.php\/wp-json\/wp\/v2\/comments?post=35225"}],"version-history":[{"count":1,"href":"https:\/\/herzogtum-direkt.de\/index.php\/wp-json\/wp\/v2\/posts\/35225\/revisions"}],"predecessor-version":[{"id":35228,"href":"https:\/\/herzogtum-direkt.de\/index.php\/wp-json\/wp\/v2\/posts\/35225\/revisions\/35228"}],"wp:featuredmedia":[{"embeddable":true,"href":"https:\/\/herzogtum-direkt.de\/index.php\/wp-json\/wp\/v2\/media\/31272"}],"wp:attachment":[{"href":"https:\/\/herzogtum-direkt.de\/index.php\/wp-json\/wp\/v2\/media?parent=35225"}],"wp:term":[{"taxonomy":"category","embeddable":true,"href":"https:\/\/herzogtum-direkt.de\/index.php\/wp-json\/wp\/v2\/categories?post=35225"},{"taxonomy":"post_tag","embeddable":true,"href":"https:\/\/herzogtum-direkt.de\/index.php\/wp-json\/wp\/v2\/tags?post=35225"}],"curies":[{"name":"wp","href":"https:\/\/api.w.org\/{rel}","templated":true}]}}