{"id":35162,"date":"2021-12-08T10:23:43","date_gmt":"2021-12-08T08:23:43","guid":{"rendered":"https:\/\/herzogtum-direkt.de\/?p=35162"},"modified":"2021-12-08T10:23:43","modified_gmt":"2021-12-08T08:23:43","slug":"round-table-214-moelln-verkauft-tannenbaeume-fuer-den-guten-zweck-2","status":"publish","type":"post","link":"https:\/\/herzogtum-direkt.de\/index.php\/2021\/12\/08\/round-table-214-moelln-verkauft-tannenbaeume-fuer-den-guten-zweck-2\/","title":{"rendered":"Round Table 214 M\u00f6lln verkauft Tannenb\u00e4ume f\u00fcr den guten Zweck"},"content":{"rendered":"\n<p><strong>Ratzeburg\/M\u00f6lln (pm).<\/strong> Die M\u00e4nner vom Round Table 214 M\u00f6lln verkaufen auch in diesem Jahr wieder beim EDEKA S\u00fcllau in Ratzeburg, Am Viehmarkt 10 sch\u00f6ne Nordmanntannen aus der Granderheide. Die Aktion findet am Freitag, 10. Dezember und Samstag, 11.\u00a0Dezember statt. <\/p>\n\n\n\n<p>Die \u201eTabler\u201c unterst\u00fctzen mit dem Erl\u00f6s regionale und soziale Projekte in M\u00f6lln, Ratzeburg und Umgebung. Den Jungs des Serviceclubs ist es besonders wichtig, dass Kinder- und Jugendliche von den Spenden profitieren. Auch in diesem Jahr wird es wieder kein Gl\u00fccksrad und Punschbude geben, der Serviceclub verkauft eine limitierte Sonderausgabe einer RT214-Mettwurst &#8211; Gute Wurst f\u00fcr den guten Zweck \u2013 sowie einen eigenen Round-Table-Honig.\u00a0<\/p>\n\n\n\n<p>Zudem sind die \u201eTabler\u201c auch an dem Wochenende danach in M\u00f6lln aktiv. Am Samstag, 18.\u00a0Dezember wird ebenfalls limitierte Mettwurst und Honig vom RT vor dem EDEKA S\u00fcllau in M\u00f6lln, Grambeker Weg 45 verkauft und unterst\u00fctzen beim Tannenbaumverkauf. \u00a0<\/p>\n","protected":false},"excerpt":{"rendered":"<p>Ratzeburg\/M\u00f6lln (pm). Die M\u00e4nner vom Round Table 214 M\u00f6lln verkaufen auch in diesem Jahr wieder beim EDEKA S\u00fcllau in Ratzeburg, Am Viehmarkt 10 sch\u00f6ne Nordmanntannen aus der Granderheide. Die Aktion findet am Freitag, 10. Dezember und Samstag, 11.\u00a0Dezember statt. Die \u201eTabler\u201c unterst\u00fctzen mit dem Erl\u00f6s regionale und soziale Projekte in M\u00f6lln, Ratzeburg und Umgebung. Den [&hellip;]<\/p>\n","protected":false},"author":2,"featured_media":35163,"comment_status":"closed","ping_status":"closed","sticky":false,"template":"","format":"standard","meta":{"jnews-multi-image_gallery":[],"jnews_single_post":{"subtitle":"","format":"standard","video":"","gallery":"","source_name":"","source_url":"","via_name":"","via_url":"","override_template":"0","override":[{"template":"1","single_blog_custom":"","parallax":"1","fullscreen":"1","layout":"right-sidebar","sidebar":"default-sidebar","second_sidebar":"default-sidebar","sticky_sidebar":"1","share_position":"top","share_float_style":"share-monocrhome","show_share_counter":"1","show_view_counter":"1","show_featured":"1","show_post_meta":"1","show_post_author":"1","show_post_author_image":"1","show_post_date":"1","post_date_format":"default","post_date_format_custom":"Y\/m\/d","show_post_category":"1","show_post_reading_time":"0","post_reading_time_wpm":"300","show_zoom_button":"0","zoom_button_out_step":"2","zoom_button_in_step":"3","show_post_tag":"1","show_prev_next_post":"1","show_popup_post":"1","number_popup_post":"1","show_author_box":"0","show_post_related":"0","show_inline_post_related":"0"}],"override_image_size":"0","image_override":[{"single_post_thumbnail_size":"crop-500","single_post_gallery_size":"crop-500"}],"trending_post":"0","trending_post_position":"meta","trending_post_label":"Trending","sponsored_post":"0","sponsored_post_label":"Sponsored by","sponsored_post_name":"","sponsored_post_url":"","sponsored_post_logo_enable":"0","sponsored_post_logo":"","sponsored_post_desc":"","disable_ad":"0"},"jnews_primary_category":{"id":""},"jnews_social_meta":{"fb_title":"","fb_description":"","fb_image":"","twitter_title":"","twitter_description":"","twitter_image":""},"jnews_override_counter":{"override_view_counter":"0","view_counter_number":"0","override_share_counter":"0","share_counter_number":"0","override_like_counter":"0","like_counter_number":"0","override_dislike_counter":"0","dislike_counter_number":"0"},"jnews_post_split":{"enable_post_split":"0","post_split":[{"template":"1","tag":"h2","numbering":"asc","mode":"normal","first":"0","enable_toc":"0","toc_type":"normal"}]},"footnotes":""},"categories":[64,2],"tags":[613,3144,1500],"class_list":["post-35162","post","type-post","status-publish","format-standard","has-post-thumbnail","hentry","category-ratzeburg","category-startseite","tag-round-table-214-moelln","tag-weihnachten-2021","tag-weihnachtsbaum"],"_links":{"self":[{"href":"https:\/\/herzogtum-direkt.de\/index.php\/wp-json\/wp\/v2\/posts\/35162","targetHints":{"allow":["GET"]}}],"collection":[{"href":"https:\/\/herzogtum-direkt.de\/index.php\/wp-json\/wp\/v2\/posts"}],"about":[{"href":"https:\/\/herzogtum-direkt.de\/index.php\/wp-json\/wp\/v2\/types\/post"}],"author":[{"embeddable":true,"href":"https:\/\/herzogtum-direkt.de\/index.php\/wp-json\/wp\/v2\/users\/2"}],"replies":[{"embeddable":true,"href":"https:\/\/herzogtum-direkt.de\/index.php\/wp-json\/wp\/v2\/comments?post=35162"}],"version-history":[{"count":2,"href":"https:\/\/herzogtum-direkt.de\/index.php\/wp-json\/wp\/v2\/posts\/35162\/revisions"}],"predecessor-version":[{"id":35166,"href":"https:\/\/herzogtum-direkt.de\/index.php\/wp-json\/wp\/v2\/posts\/35162\/revisions\/35166"}],"wp:featuredmedia":[{"embeddable":true,"href":"https:\/\/herzogtum-direkt.de\/index.php\/wp-json\/wp\/v2\/media\/35163"}],"wp:attachment":[{"href":"https:\/\/herzogtum-direkt.de\/index.php\/wp-json\/wp\/v2\/media?parent=35162"}],"wp:term":[{"taxonomy":"category","embeddable":true,"href":"https:\/\/herzogtum-direkt.de\/index.php\/wp-json\/wp\/v2\/categories?post=35162"},{"taxonomy":"post_tag","embeddable":true,"href":"https:\/\/herzogtum-direkt.de\/index.php\/wp-json\/wp\/v2\/tags?post=35162"}],"curies":[{"name":"wp","href":"https:\/\/api.w.org\/{rel}","templated":true}]}}