{"id":35044,"date":"2021-12-05T07:53:00","date_gmt":"2021-12-05T05:53:00","guid":{"rendered":"https:\/\/herzogtum-direkt.de\/?p=35044"},"modified":"2021-12-03T17:42:17","modified_gmt":"2021-12-03T15:42:17","slug":"waldumbau-zu-klimastabilen-waeldern","status":"publish","type":"post","link":"https:\/\/herzogtum-direkt.de\/index.php\/2021\/12\/05\/waldumbau-zu-klimastabilen-waeldern\/","title":{"rendered":"Waldumbau zu klimastabilen W\u00e4ldern"},"content":{"rendered":"\n<p><strong>G\u00fcster (pm).<\/strong> Vor 17 Jahren pflanzte das zum ersten Mal B\u00e4ume. Es unterst\u00fctzt die Landesregierung von Schleswig-Holstein bei ihrem Ziel, den Waldanteil auf 12 % zu erh\u00f6hen. Unter dem Motto \u201eJedem Neugeborenen in Schleswig-Holstein einen Baum\u201c hat Gollnest &amp; Kiesel seit 2004 ein bisschen dazu beigetragen, das wald\u00e4rmste Bundesland etwas gr\u00fcner zu machen. <\/p>\n\n\n\n<p>Statt einer Erstaufforstung wird dieses Jahr erstmals der Umbau eines bestehenden Waldes zu einem klimastabilen Mischwald gef\u00f6rdert. Dabei werden durch die Pflanzung weiterer Baumarten in gleichf\u00f6rmigen, meist nur durch eine Gattung dominierten Best\u00e4nden, die notwendigen Voraussetzungen geschaffen, dass mit der neuen Generation standortgerechter B\u00e4ume ein widerstandsf\u00e4higer und strukturreicher Mischwald heranw\u00e4chst. Am 26. November 2021 fand die diesj\u00e4hrige Waldpflanzaktion in Hahnheide bei Trittau statt. <\/p>\n\n\n\n<p>Die Fl\u00e4che wurde von den Schleswig-Holsteinischen Landesforsten zur Verf\u00fcgung gestellt. In Gebieten mit vorherrschendem Nadelholz werden 20.000 Rotbuchen gepflanzt. Sie werden in den vier entsprechenden Abteilungen des circa 1.400 Hektar gro\u00dfen Forstortes den bestehenden Baumbestand anreichern. Auf diese Weise wird der Wald schonend an die neuen klimabedingten Anforderungen angepasst. Die jungen Pflanzen werden wie in einem Kindergarten von den alten B\u00e4umen vor Frost gesch\u00fctzt und feinastig erzogen. Wo es passt, wird zus\u00e4tzlich die auflaufende Naturverj\u00fcngung aus dem Altbestand \u00fcbernommen. <\/p>\n\n\n\n<figure class=\"wp-block-image size-full is-style-rounded\"><img fetchpriority=\"high\" decoding=\"async\" width=\"1000\" height=\"750\" src=\"https:\/\/herzogtum-direkt.de\/wp-content\/uploads\/2021\/12\/Lange_Haffmans_Koss_Prigge.jpg\" alt=\"\" class=\"wp-image-35059\" srcset=\"https:\/\/herzogtum-direkt.de\/wp-content\/uploads\/2021\/12\/Lange_Haffmans_Koss_Prigge.jpg 1000w, https:\/\/herzogtum-direkt.de\/wp-content\/uploads\/2021\/12\/Lange_Haffmans_Koss_Prigge-300x225.jpg 300w, https:\/\/herzogtum-direkt.de\/wp-content\/uploads\/2021\/12\/Lange_Haffmans_Koss_Prigge-768x576.jpg 768w, https:\/\/herzogtum-direkt.de\/wp-content\/uploads\/2021\/12\/Lange_Haffmans_Koss_Prigge-750x563.jpg 750w\" sizes=\"(max-width: 1000px) 100vw, 1000px\" \/><figcaption>  Sebastian Lange-Haffmans (Leiter Liegenschaften und Klimaschutz), Revierleiter Dirk Prigge und der Gesch\u00e4ftsf\u00fchrung der Firma Gollnest &amp; Kiesel Thorsten Koss. Foto: hfr<\/figcaption><\/figure>\n\n\n\n<p>Insgesamt hat das Unternehmen seit Beginn seiner Unterst\u00fctzung 430.000 B\u00e4ume gespendet. Unter Beteiligung der Schleswig-Holsteinischen Landesforsten, vertreten durch Sebastian Lange-Haffmans (Leiter Liegenschaften und Klimaschutz), Revierleiter Dirk Prigge und der Gesch\u00e4ftsf\u00fchrung der Firma Gollnest &amp; Kiesel Thorsten Koss pflanzten Kinder die ersten Setzlinge. Tatkr\u00e4ftig unterst\u00fctzt wurden sie dabei durch Auszubildende zum Forstwirt. Lange-Haffmans sagte dazu: \u201eWir danken der Firma goki f\u00fcr ihr langj\u00e4hriges Engagement. Sie unterst\u00fctzt uns aus tiefster \u00dcberzeugung seit vielen Jahren beim Aufbau von W\u00e4ldern in Schleswig Holstein. Der diesj\u00e4hrige Waldumbau f\u00f6rdert die Entwicklung klimastabiler W\u00e4lder, die nicht nur sch\u00f6n und abwechslungsreich aussehen, sondern auch aktiv helfen, die CO2 Bindung zu erh\u00f6hen.\u201c<\/p>\n\n\n\n<figure class=\"wp-block-gallery columns-2 is-cropped wp-block-gallery-1 is-layout-flex wp-block-gallery-is-layout-flex\"><ul class=\"blocks-gallery-grid\"><li class=\"blocks-gallery-item\"><figure><img decoding=\"async\" width=\"425\" height=\"567\" src=\"https:\/\/herzogtum-direkt.de\/wp-content\/uploads\/2021\/12\/Koss_mit_Kind.jpg\" alt=\"\" data-id=\"35061\" data-full-url=\"https:\/\/herzogtum-direkt.de\/wp-content\/uploads\/2021\/12\/Koss_mit_Kind.jpg\" data-link=\"https:\/\/herzogtum-direkt.de\/?attachment_id=35061\" class=\"wp-image-35061\" srcset=\"https:\/\/herzogtum-direkt.de\/wp-content\/uploads\/2021\/12\/Koss_mit_Kind.jpg 425w, https:\/\/herzogtum-direkt.de\/wp-content\/uploads\/2021\/12\/Koss_mit_Kind-225x300.jpg 225w\" sizes=\"(max-width: 425px) 100vw, 425px\" \/><\/figure><\/li><li class=\"blocks-gallery-item\"><figure><img decoding=\"async\" width=\"1000\" height=\"667\" src=\"https:\/\/herzogtum-direkt.de\/wp-content\/uploads\/2021\/12\/Thorsten_Koss_mit_Kind.jpg\" alt=\"\" data-id=\"35060\" data-full-url=\"https:\/\/herzogtum-direkt.de\/wp-content\/uploads\/2021\/12\/Thorsten_Koss_mit_Kind.jpg\" data-link=\"https:\/\/herzogtum-direkt.de\/?attachment_id=35060\" class=\"wp-image-35060\" srcset=\"https:\/\/herzogtum-direkt.de\/wp-content\/uploads\/2021\/12\/Thorsten_Koss_mit_Kind.jpg 1000w, https:\/\/herzogtum-direkt.de\/wp-content\/uploads\/2021\/12\/Thorsten_Koss_mit_Kind-300x200.jpg 300w, https:\/\/herzogtum-direkt.de\/wp-content\/uploads\/2021\/12\/Thorsten_Koss_mit_Kind-768x512.jpg 768w, https:\/\/herzogtum-direkt.de\/wp-content\/uploads\/2021\/12\/Thorsten_Koss_mit_Kind-750x500.jpg 750w\" sizes=\"(max-width: 1000px) 100vw, 1000px\" \/><figcaption class=\"blocks-gallery-item__caption\">Thorsten Koss mit einem der j\u00fcngsten Teilnehmenden der Pflanzaktion. Foto: hfr<\/figcaption><\/figure><\/li><\/ul><figcaption class=\"blocks-gallery-caption\">Thorsten Koss und einer der j\u00fcngsten Helfer bei der Pflanzaktion. Fotos; hfr<\/figcaption><\/figure>\n\n\n\n<p>Thorsten Koss erg\u00e4nzte: \u201eF\u00fcr uns ist die j\u00e4hrliche Waldpflanzaktion eine  Herzensangelegenheit. Im Schutz des Altbestandes werden die jungen B\u00e4ume zu einem ansehnlichen Mischwald beitragen und gleichzeitig dem Klimaschutz helfen. Wir als Spielzeugunternehmen stehen in einer ganz besonderen Verantwortung f\u00fcr die Kinder und deren Zukunft. Wir finden, wer der Natur etwas entnimmt, muss ihr auch etwas zur\u00fcckgeben.&#8220;<\/p>\n\n\n\n<p><strong>430.000 B\u00e4ume f\u00fcr neugeborene Kinder in Schleswig-Holstein seit 2004 <\/strong><\/p>\n\n\n\n<p>Seit 2004 beteiligt sich der Holzspielzeughersteller Gollnest &amp; Kiesel an dem ehrgeizigen Vorhaben der Landesregierung, den Waldanteil auf zw\u00f6lf Prozent zu erh\u00f6hen. Das Unternehmen stiftet in jedem Jahr f\u00fcr jedes neugeborene Kind einen neuen Baum. So sind in den 17 Jahren seit Start der Aktion 430.000 B\u00e4ume zusammengekommen.<\/p>\n\n\n\n<p><br><\/p>\n","protected":false},"excerpt":{"rendered":"<p>G\u00fcster (pm). Vor 17 Jahren pflanzte das zum ersten Mal B\u00e4ume. Es unterst\u00fctzt die Landesregierung von Schleswig-Holstein bei ihrem Ziel, den Waldanteil auf 12 % zu erh\u00f6hen. Unter dem Motto \u201eJedem Neugeborenen in Schleswig-Holstein einen Baum\u201c hat Gollnest &amp; Kiesel seit 2004 ein bisschen dazu beigetragen, das wald\u00e4rmste Bundesland etwas gr\u00fcner zu machen. Statt einer [&hellip;]<\/p>\n","protected":false},"author":2,"featured_media":35056,"comment_status":"closed","ping_status":"closed","sticky":false,"template":"","format":"standard","meta":{"jnews-multi-image_gallery":[],"jnews_single_post":{"subtitle":"Holzspielwarenunternehmen Gollnest & Kiesel  f\u00f6rdert Baumpflanzungen","format":"standard","video":"","gallery":"","source_name":"","source_url":"","via_name":"","via_url":"","override_template":"0","override":[{"template":"1","single_blog_custom":"","parallax":"1","fullscreen":"1","layout":"right-sidebar","sidebar":"default-sidebar","second_sidebar":"default-sidebar","sticky_sidebar":"1","share_position":"top","share_float_style":"share-monocrhome","show_share_counter":"1","show_view_counter":"1","show_featured":"1","show_post_meta":"1","show_post_author":"1","show_post_author_image":"1","show_post_date":"1","post_date_format":"default","post_date_format_custom":"Y\/m\/d","show_post_category":"1","show_post_reading_time":"0","post_reading_time_wpm":"300","show_zoom_button":"0","zoom_button_out_step":"2","zoom_button_in_step":"3","show_post_tag":"1","show_prev_next_post":"1","show_popup_post":"1","number_popup_post":"1","show_author_box":"0","show_post_related":"0","show_inline_post_related":"0"}],"override_image_size":"0","image_override":[{"single_post_thumbnail_size":"crop-500","single_post_gallery_size":"crop-500"}],"trending_post":"0","trending_post_position":"meta","trending_post_label":"Trending","sponsored_post":"0","sponsored_post_label":"Sponsored by","sponsored_post_name":"","sponsored_post_url":"","sponsored_post_logo_enable":"0","sponsored_post_logo":"","sponsored_post_desc":""},"jnews_primary_category":{"id":""},"jnews_social_meta":{"fb_title":"","fb_description":"","fb_image":"","twitter_title":"","twitter_description":"","twitter_image":""},"jnews_override_counter":{"override_view_counter":"0","view_counter_number":"0","override_share_counter":"0","share_counter_number":"0","override_like_counter":"0","like_counter_number":"0","override_dislike_counter":"0","dislike_counter_number":"0"},"jnews_post_split":{"enable_post_split":"0","post_split":[{"template":"1","tag":"h2","numbering":"asc","mode":"normal","first":"0","enable_toc":"0","toc_type":"normal"}]},"footnotes":""},"categories":[63,1237],"tags":[1188,654,788,1301,1719],"class_list":["post-35044","post","type-post","status-publish","format-standard","has-post-thumbnail","hentry","category-herzogtum-lauenburg","category-umweltnatur","tag-guester","tag-nachhaltigkeit","tag-naturschutz","tag-trittau","tag-umweltschutz"],"_links":{"self":[{"href":"https:\/\/herzogtum-direkt.de\/index.php\/wp-json\/wp\/v2\/posts\/35044","targetHints":{"allow":["GET"]}}],"collection":[{"href":"https:\/\/herzogtum-direkt.de\/index.php\/wp-json\/wp\/v2\/posts"}],"about":[{"href":"https:\/\/herzogtum-direkt.de\/index.php\/wp-json\/wp\/v2\/types\/post"}],"author":[{"embeddable":true,"href":"https:\/\/herzogtum-direkt.de\/index.php\/wp-json\/wp\/v2\/users\/2"}],"replies":[{"embeddable":true,"href":"https:\/\/herzogtum-direkt.de\/index.php\/wp-json\/wp\/v2\/comments?post=35044"}],"version-history":[{"count":2,"href":"https:\/\/herzogtum-direkt.de\/index.php\/wp-json\/wp\/v2\/posts\/35044\/revisions"}],"predecessor-version":[{"id":35062,"href":"https:\/\/herzogtum-direkt.de\/index.php\/wp-json\/wp\/v2\/posts\/35044\/revisions\/35062"}],"wp:featuredmedia":[{"embeddable":true,"href":"https:\/\/herzogtum-direkt.de\/index.php\/wp-json\/wp\/v2\/media\/35056"}],"wp:attachment":[{"href":"https:\/\/herzogtum-direkt.de\/index.php\/wp-json\/wp\/v2\/media?parent=35044"}],"wp:term":[{"taxonomy":"category","embeddable":true,"href":"https:\/\/herzogtum-direkt.de\/index.php\/wp-json\/wp\/v2\/categories?post=35044"},{"taxonomy":"post_tag","embeddable":true,"href":"https:\/\/herzogtum-direkt.de\/index.php\/wp-json\/wp\/v2\/tags?post=35044"}],"curies":[{"name":"wp","href":"https:\/\/api.w.org\/{rel}","templated":true}]}}