{"id":34826,"date":"2021-11-28T06:59:00","date_gmt":"2021-11-28T04:59:00","guid":{"rendered":"https:\/\/herzogtum-direkt.de\/?p=34826"},"modified":"2021-11-26T16:07:14","modified_gmt":"2021-11-26T14:07:14","slug":"festakt-in-kiel-aeltestem-verein-von-krummesse-wird-die-zelterplakette-verliehen","status":"publish","type":"post","link":"https:\/\/herzogtum-direkt.de\/index.php\/2021\/11\/28\/festakt-in-kiel-aeltestem-verein-von-krummesse-wird-die-zelterplakette-verliehen\/","title":{"rendered":"Festakt in Kiel \u2013 \u00e4ltestem Verein von Krummesse wird die Zelterplakette verliehen"},"content":{"rendered":"\n<p><strong>Krummesse (pm).<\/strong> Der Ort f\u00fcr die Verleihung war die wundersch\u00f6ne Holzkirche, die Bethlehemkirche in Kiel-Friedrichsort. In einem ganz besonders feierlichen Rahmen wurde die \u00dcberreichung der vom Bundespr\u00e4sidenten verliehenen Zelterplakette durch den Staatssekret\u00e4r des Landes Schleswig-Holstein, Herrn Dr. Oliver Grundei, am Freitag, 19. November 2021 an die Krummesser Liedertafel von 1848 vorgenommen. <\/p>\n\n\n\n<p>Der Chorleiter Achim Kleinlein zeigte die 600 Gramm schwere und 16 Zentimeter hohe Plakette vor. Der Pr\u00e4sident vom S\u00e4ngerbund Schleswig-Holstein, Bernd K\u00fcppersbusch bemerkte, dass die Zelterplakette von der Krummesser Liedertafel erst kurz vor dem 175j\u00e4hrigen Jubil\u00e4um beantragt wurde. Er stellte fest, dass es 1948 zum 100j\u00e4hrigen Bestehen keine Zelterplakette gab. Der Erlass f\u00fcr die Zelterplakette kam erst 1956 von Bundespr\u00e4sident Theodor Heuss, dass die Zelterplakette als Anerkennung zum 100-j\u00e4hrigen Bestehen eines Chores verliehen wird. \u00a0Bei der Krummesser Liedertafel vergingen noch weitere 73 Jahre. Es mussten sehr viele historische Dokumente bereit gestellt werden, deren Zusammentragen einen hohen Zeitaufwand erforderte. Selbst der Gr\u00fcndungsnachweis von 1848 wurde gefordert.<\/p>\n\n\n\n<figure class=\"wp-block-gallery columns-3 is-cropped wp-block-gallery-1 is-layout-flex wp-block-gallery-is-layout-flex\"><ul class=\"blocks-gallery-grid\"><li class=\"blocks-gallery-item\"><figure><img fetchpriority=\"high\" decoding=\"async\" width=\"1000\" height=\"710\" src=\"https:\/\/herzogtum-direkt.de\/wp-content\/uploads\/2021\/11\/Chorleiter-zeigt-stolz-die-Plakette.jpg\" alt=\"\" data-id=\"34828\" data-link=\"https:\/\/herzogtum-direkt.de\/?attachment_id=34828\" class=\"wp-image-34828\" srcset=\"https:\/\/herzogtum-direkt.de\/wp-content\/uploads\/2021\/11\/Chorleiter-zeigt-stolz-die-Plakette.jpg 1000w, https:\/\/herzogtum-direkt.de\/wp-content\/uploads\/2021\/11\/Chorleiter-zeigt-stolz-die-Plakette-300x213.jpg 300w, https:\/\/herzogtum-direkt.de\/wp-content\/uploads\/2021\/11\/Chorleiter-zeigt-stolz-die-Plakette-768x545.jpg 768w, https:\/\/herzogtum-direkt.de\/wp-content\/uploads\/2021\/11\/Chorleiter-zeigt-stolz-die-Plakette-120x86.jpg 120w, https:\/\/herzogtum-direkt.de\/wp-content\/uploads\/2021\/11\/Chorleiter-zeigt-stolz-die-Plakette-350x250.jpg 350w, https:\/\/herzogtum-direkt.de\/wp-content\/uploads\/2021\/11\/Chorleiter-zeigt-stolz-die-Plakette-750x533.jpg 750w\" sizes=\"(max-width: 1000px) 100vw, 1000px\" \/><\/figure><\/li><li class=\"blocks-gallery-item\"><figure><img decoding=\"async\" width=\"500\" height=\"540\" src=\"https:\/\/herzogtum-direkt.de\/wp-content\/uploads\/2021\/11\/Der-Praesident-gratuliert.jpg\" alt=\"\" data-id=\"34829\" data-link=\"https:\/\/herzogtum-direkt.de\/?attachment_id=34829\" class=\"wp-image-34829\" srcset=\"https:\/\/herzogtum-direkt.de\/wp-content\/uploads\/2021\/11\/Der-Praesident-gratuliert.jpg 500w, https:\/\/herzogtum-direkt.de\/wp-content\/uploads\/2021\/11\/Der-Praesident-gratuliert-278x300.jpg 278w\" sizes=\"(max-width: 500px) 100vw, 500px\" \/><\/figure><\/li><li class=\"blocks-gallery-item\"><figure><img decoding=\"async\" width=\"1000\" height=\"543\" src=\"https:\/\/herzogtum-direkt.de\/wp-content\/uploads\/2021\/11\/Die-Zelteplakette.jpg\" alt=\"\" data-id=\"34830\" data-full-url=\"https:\/\/herzogtum-direkt.de\/wp-content\/uploads\/2021\/11\/Die-Zelteplakette.jpg\" data-link=\"https:\/\/herzogtum-direkt.de\/?attachment_id=34830\" class=\"wp-image-34830\" srcset=\"https:\/\/herzogtum-direkt.de\/wp-content\/uploads\/2021\/11\/Die-Zelteplakette.jpg 1000w, https:\/\/herzogtum-direkt.de\/wp-content\/uploads\/2021\/11\/Die-Zelteplakette-300x163.jpg 300w, https:\/\/herzogtum-direkt.de\/wp-content\/uploads\/2021\/11\/Die-Zelteplakette-768x417.jpg 768w, https:\/\/herzogtum-direkt.de\/wp-content\/uploads\/2021\/11\/Die-Zelteplakette-750x407.jpg 750w\" sizes=\"(max-width: 1000px) 100vw, 1000px\" \/><\/figure><\/li><\/ul><figcaption class=\"blocks-gallery-caption\">Chorleiter\u00a0Achim\u00a0Kleinlein zeigt\u00a0die\u00a0Plakette. \u00a0Bernd K\u00fcppersbusch (rechts) Pr\u00e4sident des\u00a0S\u00e4ngerbundes gratuliert (von links)  Hans-Peter\u00a0Fiebelkorn, B\u00fcrgermeister\u00a0von\u00a0Krummesse, Marianne\u00a0Busch,\u00a0Vorsitzende, Achim\u00a0Kleinlein,\u00a0Chorleiter. Foto: Krummesser Liedertafel, hfr<\/figcaption><\/figure>\n\n\n\n<p>Der Chor hatte sich in vielen Chorstunden auf den geplanten Auftritt, der unmittelbar nach der Verleihung erfolgte, vorbereitet. Chorleiter Achim Kleinlein feilte mit den S\u00e4ngern und S\u00e4ngerinnen unerm\u00fcdlich \u00fcber mehrere Wochen bis die Harmonie perfekt war. So wurde die Darbietung beim Festakt von vielen Seiten mit viel Lob bedacht. Das Einheitliche Auftreten des Chores mit dem Tuch in den Stecknitzfarben bei den S\u00e4ngerinnen und der Stecknitzkrawatte bei den S\u00e4ngern rundete den Auftritt ab. Eine besondere Ehre f\u00fcr den Chor war es, dass der ehemalige Chorleiter Henning Zarnkow, der nach 31 Jahren Chorleitert\u00e4tigkeit die Leitung vor 2 Jahren an Achim Kleinlein \u00fcbergeben hatte, den Chor beim Auftritt verst\u00e4rkte. Der B\u00fcrgermeister aus Krummesse, Hans-Peter Fiebelkorn, erwies dem Chor eine besondere Aufmerksamkeit durch seine Teilnahme an dem Festakt, die Verleihung an den \u00e4ltesten Verein von Krummesse.<\/p>\n","protected":false},"excerpt":{"rendered":"<p>Krummesse (pm). Der Ort f\u00fcr die Verleihung war die wundersch\u00f6ne Holzkirche, die Bethlehemkirche in Kiel-Friedrichsort. In einem ganz besonders feierlichen Rahmen wurde die \u00dcberreichung der vom Bundespr\u00e4sidenten verliehenen Zelterplakette durch den Staatssekret\u00e4r des Landes Schleswig-Holstein, Herrn Dr. Oliver Grundei, am Freitag, 19. November 2021 an die Krummesser Liedertafel von 1848 vorgenommen. Der Chorleiter Achim Kleinlein [&hellip;]<\/p>\n","protected":false},"author":2,"featured_media":34827,"comment_status":"closed","ping_status":"closed","sticky":false,"template":"","format":"standard","meta":{"jnews-multi-image_gallery":[],"jnews_single_post":{"subtitle":"Krummesser Liedertafel von 1848","format":"standard","video":"","gallery":"","source_name":"","source_url":"","via_name":"","via_url":"","override_template":"0","override":[{"template":"1","single_blog_custom":"","parallax":"1","fullscreen":"1","layout":"right-sidebar","sidebar":"default-sidebar","second_sidebar":"default-sidebar","sticky_sidebar":"1","share_position":"top","share_float_style":"share-monocrhome","show_share_counter":"1","show_view_counter":"1","show_featured":"1","show_post_meta":"1","show_post_author":"1","show_post_author_image":"1","show_post_date":"1","post_date_format":"default","post_date_format_custom":"Y\/m\/d","show_post_category":"1","show_post_reading_time":"0","post_reading_time_wpm":"300","show_zoom_button":"0","zoom_button_out_step":"2","zoom_button_in_step":"3","show_post_tag":"1","show_prev_next_post":"1","show_popup_post":"1","number_popup_post":"1","show_author_box":"0","show_post_related":"0","show_inline_post_related":"0"}],"override_image_size":"0","image_override":[{"single_post_thumbnail_size":"crop-500","single_post_gallery_size":"crop-500"}],"trending_post":"0","trending_post_position":"meta","trending_post_label":"Trending","sponsored_post":"0","sponsored_post_label":"Sponsored by","sponsored_post_name":"","sponsored_post_url":"","sponsored_post_logo_enable":"0","sponsored_post_logo":"","sponsored_post_desc":""},"jnews_primary_category":{"id":""},"jnews_social_meta":{"fb_title":"","fb_description":"","fb_image":"","twitter_title":"","twitter_description":"","twitter_image":""},"jnews_override_counter":{"override_view_counter":"0","view_counter_number":"0","override_share_counter":"0","share_counter_number":"0","override_like_counter":"0","like_counter_number":"0","override_dislike_counter":"0","dislike_counter_number":"0"},"jnews_post_split":{"enable_post_split":"0","post_split":[{"template":"1","tag":"h2","numbering":"asc","mode":"normal","first":"0","enable_toc":"0","toc_type":"normal"}]},"footnotes":""},"categories":[95,70],"tags":[177,2043],"class_list":["post-34826","post","type-post","status-publish","format-standard","has-post-thumbnail","hentry","category-aus-der-region","category-kultur","tag-krummesse","tag-krummesser-liedertafel"],"_links":{"self":[{"href":"https:\/\/herzogtum-direkt.de\/index.php\/wp-json\/wp\/v2\/posts\/34826","targetHints":{"allow":["GET"]}}],"collection":[{"href":"https:\/\/herzogtum-direkt.de\/index.php\/wp-json\/wp\/v2\/posts"}],"about":[{"href":"https:\/\/herzogtum-direkt.de\/index.php\/wp-json\/wp\/v2\/types\/post"}],"author":[{"embeddable":true,"href":"https:\/\/herzogtum-direkt.de\/index.php\/wp-json\/wp\/v2\/users\/2"}],"replies":[{"embeddable":true,"href":"https:\/\/herzogtum-direkt.de\/index.php\/wp-json\/wp\/v2\/comments?post=34826"}],"version-history":[{"count":3,"href":"https:\/\/herzogtum-direkt.de\/index.php\/wp-json\/wp\/v2\/posts\/34826\/revisions"}],"predecessor-version":[{"id":34835,"href":"https:\/\/herzogtum-direkt.de\/index.php\/wp-json\/wp\/v2\/posts\/34826\/revisions\/34835"}],"wp:featuredmedia":[{"embeddable":true,"href":"https:\/\/herzogtum-direkt.de\/index.php\/wp-json\/wp\/v2\/media\/34827"}],"wp:attachment":[{"href":"https:\/\/herzogtum-direkt.de\/index.php\/wp-json\/wp\/v2\/media?parent=34826"}],"wp:term":[{"taxonomy":"category","embeddable":true,"href":"https:\/\/herzogtum-direkt.de\/index.php\/wp-json\/wp\/v2\/categories?post=34826"},{"taxonomy":"post_tag","embeddable":true,"href":"https:\/\/herzogtum-direkt.de\/index.php\/wp-json\/wp\/v2\/tags?post=34826"}],"curies":[{"name":"wp","href":"https:\/\/api.w.org\/{rel}","templated":true}]}}