{"id":34795,"date":"2021-11-26T10:16:11","date_gmt":"2021-11-26T08:16:11","guid":{"rendered":"https:\/\/herzogtum-direkt.de\/?p=34795"},"modified":"2021-11-26T10:16:13","modified_gmt":"2021-11-26T08:16:13","slug":"realitaetsnahe-uebung-der-jugendfeuerwehr-ziethen","status":"publish","type":"post","link":"https:\/\/herzogtum-direkt.de\/index.php\/2021\/11\/26\/realitaetsnahe-uebung-der-jugendfeuerwehr-ziethen\/","title":{"rendered":"Realit\u00e4tsnahe \u00dcbung der Jugendfeuerwehr Ziethen"},"content":{"rendered":"\n<p><strong>Ziethen (pm). <\/strong>Die Jugendfeuerwehr Ziethen \u00fcbte bei Ihrem Dienst am 26. Oktober 2021 mit Feuer und Wasser so realit\u00e4tsnah wie m\u00f6glich. F\u00fcr die Nachwuchs- Feuerwehrm\u00e4dchen- und Jungen war die \u00dcberraschung perfekt als Ihr Ausbilder Pascale Steenbock um 18:00 Uhr verk\u00fcndete, \u201ejetzt geht es zu einem Einsatz&#8220;. Die aktiven Kameraden hatten in der Feldmark vom Ziethener Frank Hagen etwas vorbereitet.\u00a0<\/p>\n\n\n\n<p>Bei dieser \u00dcbung ging es im Wesentlichen um die Aufgaben des F\u00fchrens einer Gruppe im L\u00f6schangriff. Die jungen Brandsch\u00fctzer sollten lernen, warum der Gruppenf\u00fchrer bestimmte Ma\u00dfnahmen trifft, wie diese zustande kommen und wie der Weg dahin \u00fcberhaupt funktioniert. Die theoretisch erworbenen Kenntnisse wurden bestens in die Praxis umsetzt. Unter sorgf\u00e4ltiger Beachtung der sch\u00fctzenden Regeln f\u00fcr die Jugendfeuerwehr, konnte so richtiges Feuer gel\u00f6scht werden. \u00a0<\/p>\n\n\n\n<figure class=\"wp-block-image size-full is-style-rounded\"><img fetchpriority=\"high\" decoding=\"async\" width=\"1024\" height=\"768\" src=\"https:\/\/herzogtum-direkt.de\/wp-content\/uploads\/2021\/11\/JFW-Ziehten-2021-b.jpg\" alt=\"\" class=\"wp-image-34799\" srcset=\"https:\/\/herzogtum-direkt.de\/wp-content\/uploads\/2021\/11\/JFW-Ziehten-2021-b.jpg 1024w, https:\/\/herzogtum-direkt.de\/wp-content\/uploads\/2021\/11\/JFW-Ziehten-2021-b-300x225.jpg 300w, https:\/\/herzogtum-direkt.de\/wp-content\/uploads\/2021\/11\/JFW-Ziehten-2021-b-768x576.jpg 768w, https:\/\/herzogtum-direkt.de\/wp-content\/uploads\/2021\/11\/JFW-Ziehten-2021-b-750x563.jpg 750w\" sizes=\"(max-width: 1024px) 100vw, 1024px\" \/><figcaption>Realit\u00e4tsnahe \u00dcbungen der Jugendfeuerwehr Ziethen. Foto: hfr <\/figcaption><\/figure>\n\n\n\n<p>Zur Erkundung und Beurteilung von W\u00e4rmestrahlung durften sich die Jugendlichen der Jugendfeuerwehr die W\u00e4rmebildkamera ausleihen. Sie lernten die M\u00f6glichkeiten dieser Kamera kennen und waren \u00fcberrascht, wie hei\u00df so ein Feuer doch werden kann. F\u00fcr die Sicherheit sorgten einige Frauen und M\u00e4nner der aktiven Wehr, die den jungen Brandsch\u00fctzern zur Seite standen und ein wachsames Auge auf das Geschehen hatten.<\/p>\n\n\n\n<p>Die Jugend war sich am Ende einig und verk\u00fcndete freudestrahlend &nbsp;\u201edas war eine tolle \u00dcbung, wir hoffen auf eine Wiederholung&#8220;<\/p>\n","protected":false},"excerpt":{"rendered":"<p>Ziethen (pm). Die Jugendfeuerwehr Ziethen \u00fcbte bei Ihrem Dienst am 26. Oktober 2021 mit Feuer und Wasser so realit\u00e4tsnah wie m\u00f6glich. F\u00fcr die Nachwuchs- Feuerwehrm\u00e4dchen- und Jungen war die \u00dcberraschung perfekt als Ihr Ausbilder Pascale Steenbock um 18:00 Uhr verk\u00fcndete, \u201ejetzt geht es zu einem Einsatz&#8220;. Die aktiven Kameraden hatten in der Feldmark vom Ziethener [&hellip;]<\/p>\n","protected":false},"author":2,"featured_media":34800,"comment_status":"closed","ping_status":"closed","sticky":false,"template":"","format":"standard","meta":{"jnews-multi-image_gallery":[],"jnews_single_post":{"subtitle":"","format":"standard","video":"","gallery":"","source_name":"","source_url":"","via_name":"","via_url":"","override_template":"0","override":[{"template":"1","single_blog_custom":"","parallax":"1","fullscreen":"1","layout":"right-sidebar","sidebar":"default-sidebar","second_sidebar":"default-sidebar","sticky_sidebar":"1","share_position":"top","share_float_style":"share-monocrhome","show_share_counter":"1","show_view_counter":"1","show_featured":"1","show_post_meta":"1","show_post_author":"1","show_post_author_image":"1","show_post_date":"1","post_date_format":"default","post_date_format_custom":"Y\/m\/d","show_post_category":"1","show_post_reading_time":"0","post_reading_time_wpm":"300","show_zoom_button":"0","zoom_button_out_step":"2","zoom_button_in_step":"3","show_post_tag":"1","show_prev_next_post":"1","show_popup_post":"1","number_popup_post":"1","show_author_box":"0","show_post_related":"0","show_inline_post_related":"0"}],"override_image_size":"0","image_override":[{"single_post_thumbnail_size":"crop-500","single_post_gallery_size":"crop-500"}],"trending_post":"0","trending_post_position":"meta","trending_post_label":"Trending","sponsored_post":"0","sponsored_post_label":"Sponsored by","sponsored_post_name":"","sponsored_post_url":"","sponsored_post_logo_enable":"0","sponsored_post_logo":"","sponsored_post_desc":""},"jnews_primary_category":{"id":""},"jnews_social_meta":{"fb_title":"","fb_description":"","fb_image":"","twitter_title":"","twitter_description":"","twitter_image":""},"jnews_override_counter":{"override_view_counter":"0","view_counter_number":"0","override_share_counter":"0","share_counter_number":"0","override_like_counter":"0","like_counter_number":"0","override_dislike_counter":"0","dislike_counter_number":"0"},"jnews_post_split":{"enable_post_split":"0","post_split":[{"template":"1","tag":"h2","numbering":"asc","mode":"normal","first":"0","enable_toc":"0","toc_type":"normal"}]},"footnotes":""},"categories":[69,63],"tags":[1998,667],"class_list":["post-34795","post","type-post","status-publish","format-standard","has-post-thumbnail","hentry","category-amt-lauenburgische-seen","category-herzogtum-lauenburg","tag-feuerwehr-ziethen","tag-ziethen"],"_links":{"self":[{"href":"https:\/\/herzogtum-direkt.de\/index.php\/wp-json\/wp\/v2\/posts\/34795","targetHints":{"allow":["GET"]}}],"collection":[{"href":"https:\/\/herzogtum-direkt.de\/index.php\/wp-json\/wp\/v2\/posts"}],"about":[{"href":"https:\/\/herzogtum-direkt.de\/index.php\/wp-json\/wp\/v2\/types\/post"}],"author":[{"embeddable":true,"href":"https:\/\/herzogtum-direkt.de\/index.php\/wp-json\/wp\/v2\/users\/2"}],"replies":[{"embeddable":true,"href":"https:\/\/herzogtum-direkt.de\/index.php\/wp-json\/wp\/v2\/comments?post=34795"}],"version-history":[{"count":1,"href":"https:\/\/herzogtum-direkt.de\/index.php\/wp-json\/wp\/v2\/posts\/34795\/revisions"}],"predecessor-version":[{"id":34801,"href":"https:\/\/herzogtum-direkt.de\/index.php\/wp-json\/wp\/v2\/posts\/34795\/revisions\/34801"}],"wp:featuredmedia":[{"embeddable":true,"href":"https:\/\/herzogtum-direkt.de\/index.php\/wp-json\/wp\/v2\/media\/34800"}],"wp:attachment":[{"href":"https:\/\/herzogtum-direkt.de\/index.php\/wp-json\/wp\/v2\/media?parent=34795"}],"wp:term":[{"taxonomy":"category","embeddable":true,"href":"https:\/\/herzogtum-direkt.de\/index.php\/wp-json\/wp\/v2\/categories?post=34795"},{"taxonomy":"post_tag","embeddable":true,"href":"https:\/\/herzogtum-direkt.de\/index.php\/wp-json\/wp\/v2\/tags?post=34795"}],"curies":[{"name":"wp","href":"https:\/\/api.w.org\/{rel}","templated":true}]}}