{"id":34782,"date":"2021-11-25T14:11:00","date_gmt":"2021-11-25T12:11:00","guid":{"rendered":"https:\/\/herzogtum-direkt.de\/?p=34782"},"modified":"2021-11-25T14:11:01","modified_gmt":"2021-11-25T12:11:01","slug":"talk-in-der-kulisse-entfaellt","status":"publish","type":"post","link":"https:\/\/herzogtum-direkt.de\/index.php\/2021\/11\/25\/talk-in-der-kulisse-entfaellt\/","title":{"rendered":"Talk in der Kulisse entf\u00e4llt"},"content":{"rendered":"\n<p><strong>M\u00f6lln (pm).<\/strong> Die Veranstaltung in der Reihe &#8218;Talk in der Kulisse&#8216; wird abgesagt. Die f\u00fcr Freitag, 26. November um 19.30 Uhr im M\u00f6llner Stadthauptmannshof geplant war, entf\u00e4llt kurzfristig. <\/p>\n\n\n\n<p>\u00dcber einen Nachholtermin wird die Stiftung Herzogtum Lauenburg informieren. \u00a0 Die Veranstaltung in der Reihe &#8218;Talk in der Kulisse&#8216; wird zu einem sp\u00e4teren Zeitpunkt nachgeholt werden.<\/p>\n","protected":false},"excerpt":{"rendered":"<p>M\u00f6lln (pm). Die Veranstaltung in der Reihe &#8218;Talk in der Kulisse&#8216; wird abgesagt. Die f\u00fcr Freitag, 26. November um 19.30 Uhr im M\u00f6llner Stadthauptmannshof geplant war, entf\u00e4llt kurzfristig. \u00dcber einen Nachholtermin wird die Stiftung Herzogtum Lauenburg informieren. \u00a0 Die Veranstaltung in der Reihe &#8218;Talk in der Kulisse&#8216; wird zu einem sp\u00e4teren Zeitpunkt nachgeholt werden.<\/p>\n","protected":false},"author":2,"featured_media":33540,"comment_status":"closed","ping_status":"closed","sticky":false,"template":"","format":"standard","meta":{"jnews-multi-image_gallery":[],"jnews_single_post":{"subtitle":"","format":"standard","video":"","gallery":"","source_name":"","source_url":"","via_name":"","via_url":"","override":[{"template":"1","single_blog_custom":"","parallax":"1","fullscreen":"1","layout":"right-sidebar","sidebar":"default-sidebar","second_sidebar":"default-sidebar","sticky_sidebar":"1","share_position":"top","share_float_style":"share-monocrhome","show_share_counter":"1","show_view_counter":"1","show_featured":"1","show_post_meta":"1","show_post_author":"1","show_post_author_image":"1","show_post_date":"1","post_date_format":"default","post_date_format_custom":"Y\/m\/d","show_post_category":"1","post_reading_time_wpm":"300","zoom_button_out_step":"2","zoom_button_in_step":"3","show_post_tag":"1","show_prev_next_post":"1","show_popup_post":"1","number_popup_post":"1"}],"image_override":[{"single_post_thumbnail_size":"crop-500","single_post_gallery_size":"crop-500"}],"trending_post_position":"meta","trending_post_label":"Trending","sponsored_post_label":"Sponsored by","sponsored_post_name":"","sponsored_post_url":"","sponsored_post_logo":"","sponsored_post_desc":""},"jnews_primary_category":{"id":""},"jnews_social_meta":{"fb_title":"","fb_description":"","fb_image":"","twitter_title":"","twitter_description":"","twitter_image":""},"jnews_override_counter":{"view_counter_number":"0","share_counter_number":"0","like_counter_number":"0","dislike_counter_number":"0"},"jnews_post_split":{"post_split":[{"template":"1","tag":"h2","numbering":"asc","mode":"normal","toc_type":"normal"}]},"footnotes":""},"categories":[70,66],"tags":[1226,133,752],"class_list":["post-34782","post","type-post","status-publish","format-standard","has-post-thumbnail","hentry","category-kultur","category-moelln","tag-kultur","tag-moelln","tag-stiftung-herzogtum-lauenburg"],"_links":{"self":[{"href":"https:\/\/herzogtum-direkt.de\/index.php\/wp-json\/wp\/v2\/posts\/34782","targetHints":{"allow":["GET"]}}],"collection":[{"href":"https:\/\/herzogtum-direkt.de\/index.php\/wp-json\/wp\/v2\/posts"}],"about":[{"href":"https:\/\/herzogtum-direkt.de\/index.php\/wp-json\/wp\/v2\/types\/post"}],"author":[{"embeddable":true,"href":"https:\/\/herzogtum-direkt.de\/index.php\/wp-json\/wp\/v2\/users\/2"}],"replies":[{"embeddable":true,"href":"https:\/\/herzogtum-direkt.de\/index.php\/wp-json\/wp\/v2\/comments?post=34782"}],"version-history":[{"count":1,"href":"https:\/\/herzogtum-direkt.de\/index.php\/wp-json\/wp\/v2\/posts\/34782\/revisions"}],"predecessor-version":[{"id":34783,"href":"https:\/\/herzogtum-direkt.de\/index.php\/wp-json\/wp\/v2\/posts\/34782\/revisions\/34783"}],"wp:featuredmedia":[{"embeddable":true,"href":"https:\/\/herzogtum-direkt.de\/index.php\/wp-json\/wp\/v2\/media\/33540"}],"wp:attachment":[{"href":"https:\/\/herzogtum-direkt.de\/index.php\/wp-json\/wp\/v2\/media?parent=34782"}],"wp:term":[{"taxonomy":"category","embeddable":true,"href":"https:\/\/herzogtum-direkt.de\/index.php\/wp-json\/wp\/v2\/categories?post=34782"},{"taxonomy":"post_tag","embeddable":true,"href":"https:\/\/herzogtum-direkt.de\/index.php\/wp-json\/wp\/v2\/tags?post=34782"}],"curies":[{"name":"wp","href":"https:\/\/api.w.org\/{rel}","templated":true}]}}