{"id":34595,"date":"2021-11-19T11:26:45","date_gmt":"2021-11-19T09:26:45","guid":{"rendered":"https:\/\/herzogtum-direkt.de\/?p=34595"},"modified":"2021-11-19T11:26:46","modified_gmt":"2021-11-19T09:26:46","slug":"advent-advent-die-zeit-die-rennt","status":"publish","type":"post","link":"https:\/\/herzogtum-direkt.de\/index.php\/2021\/11\/19\/advent-advent-die-zeit-die-rennt\/","title":{"rendered":"Advent, Advent, die Zeit die rennt"},"content":{"rendered":"\n<p><strong>Berkenthin (pm).<\/strong> Am 28. November 2021 ist der 1. Advent. Kleine Ruheinseln in dieser oft hektischen und gesch\u00e4ftigen Zeit sind kleine Adventsimpulse, die von der Lektorin Susanne Wischendorf und Gemeindep\u00e4dagogin Simone Siemers vorbereitet wurden. <\/p>\n\n\n\n<p>&#8222;Mit R\u00fccksicht auf stetig steigende Infektionszahlen haben wir uns entschlossen, diese Andachten per whatsapp zu Ihnen direkt nach Hause zu senden. Wir werden ab dem 27. November 2021 jeweils eine kleine Andacht per Whatsapp verschicken.&#8220; so die Initiatorinnen der besonderen Andachten. Diese k\u00f6nnen dann zuhause, allein oder in Gemeinschaft, bei einem Becher Tee oder mit einer Kerze geh\u00f6rt werden.<\/p>\n\n\n\n<figure class=\"wp-block-image size-large is-resized is-style-rounded\"><img decoding=\"async\" src=\"https:\/\/herzogtum-direkt.de\/wp-content\/uploads\/2018\/11\/Adventskranz01-1024x768.jpg\" alt=\"\" class=\"wp-image-9268\" width=\"634\" height=\"476\"\/><figcaption>Foto: pixabay.com<\/figcaption><\/figure>\n\n\n\n<p>Eine kurze Whatsapp Nachricht k\u00f6nnen Interessierte an Simone Siemers unter der Rufnummer 0160 7548621 schicken. Ab dem ersten Adventssamstag werden die Andachten \u00fcbersandt.<\/p>\n","protected":false},"excerpt":{"rendered":"<p>Berkenthin (pm). Am 28. November 2021 ist der 1. Advent. Kleine Ruheinseln in dieser oft hektischen und gesch\u00e4ftigen Zeit sind kleine Adventsimpulse, die von der Lektorin Susanne Wischendorf und Gemeindep\u00e4dagogin Simone Siemers vorbereitet wurden. &#8222;Mit R\u00fccksicht auf stetig steigende Infektionszahlen haben wir uns entschlossen, diese Andachten per whatsapp zu Ihnen direkt nach Hause zu senden. [&hellip;]<\/p>\n","protected":false},"author":2,"featured_media":16634,"comment_status":"closed","ping_status":"closed","sticky":false,"template":"","format":"standard","meta":{"jnews-multi-image_gallery":[],"jnews_single_post":{"subtitle":"Kirchengemeinde Berkenthin l\u00e4dt zu Andachten ohne Infektionsrisiko ein","format":"standard","video":"","gallery":"","source_name":"","source_url":"","via_name":"","via_url":"","override":[{"template":"1","single_blog_custom":"","parallax":"1","fullscreen":"1","layout":"right-sidebar","sidebar":"default-sidebar","second_sidebar":"default-sidebar","sticky_sidebar":"1","share_position":"top","share_float_style":"share-monocrhome","show_share_counter":"1","show_view_counter":"1","show_featured":"1","show_post_meta":"1","show_post_author":"1","show_post_author_image":"1","show_post_date":"1","post_date_format":"default","post_date_format_custom":"Y\/m\/d","show_post_category":"1","post_reading_time_wpm":"300","zoom_button_out_step":"2","zoom_button_in_step":"3","show_post_tag":"1","show_prev_next_post":"1","show_popup_post":"1","number_popup_post":"1"}],"image_override":[{"single_post_thumbnail_size":"crop-500","single_post_gallery_size":"crop-500"}],"trending_post_position":"meta","trending_post_label":"Trending","sponsored_post_label":"Sponsored by","sponsored_post_name":"","sponsored_post_url":"","sponsored_post_logo":"","sponsored_post_desc":""},"jnews_primary_category":{"id":""},"jnews_social_meta":{"fb_title":"","fb_description":"","fb_image":"","twitter_title":"","twitter_description":"","twitter_image":""},"jnews_override_counter":{"view_counter_number":"0","share_counter_number":"0","like_counter_number":"0","dislike_counter_number":"0"},"jnews_post_split":{"post_split":[{"template":"1","tag":"h2","numbering":"asc","mode":"normal","toc_type":"normal"}]},"footnotes":""},"categories":[65,73],"tags":[1751,118,3095,1226],"class_list":["post-34595","post","type-post","status-publish","format-standard","has-post-thumbnail","hentry","category-amt-berkenthin","category-landleute","tag-adventszeit","tag-berkenthin","tag-kirche","tag-kultur"],"_links":{"self":[{"href":"https:\/\/herzogtum-direkt.de\/index.php\/wp-json\/wp\/v2\/posts\/34595","targetHints":{"allow":["GET"]}}],"collection":[{"href":"https:\/\/herzogtum-direkt.de\/index.php\/wp-json\/wp\/v2\/posts"}],"about":[{"href":"https:\/\/herzogtum-direkt.de\/index.php\/wp-json\/wp\/v2\/types\/post"}],"author":[{"embeddable":true,"href":"https:\/\/herzogtum-direkt.de\/index.php\/wp-json\/wp\/v2\/users\/2"}],"replies":[{"embeddable":true,"href":"https:\/\/herzogtum-direkt.de\/index.php\/wp-json\/wp\/v2\/comments?post=34595"}],"version-history":[{"count":2,"href":"https:\/\/herzogtum-direkt.de\/index.php\/wp-json\/wp\/v2\/posts\/34595\/revisions"}],"predecessor-version":[{"id":34598,"href":"https:\/\/herzogtum-direkt.de\/index.php\/wp-json\/wp\/v2\/posts\/34595\/revisions\/34598"}],"wp:featuredmedia":[{"embeddable":true,"href":"https:\/\/herzogtum-direkt.de\/index.php\/wp-json\/wp\/v2\/media\/16634"}],"wp:attachment":[{"href":"https:\/\/herzogtum-direkt.de\/index.php\/wp-json\/wp\/v2\/media?parent=34595"}],"wp:term":[{"taxonomy":"category","embeddable":true,"href":"https:\/\/herzogtum-direkt.de\/index.php\/wp-json\/wp\/v2\/categories?post=34595"},{"taxonomy":"post_tag","embeddable":true,"href":"https:\/\/herzogtum-direkt.de\/index.php\/wp-json\/wp\/v2\/tags?post=34595"}],"curies":[{"name":"wp","href":"https:\/\/api.w.org\/{rel}","templated":true}]}}