{"id":34516,"date":"2021-11-17T21:43:46","date_gmt":"2021-11-17T19:43:46","guid":{"rendered":"https:\/\/herzogtum-direkt.de\/?p=34516"},"modified":"2021-11-18T17:49:44","modified_gmt":"2021-11-18T15:49:44","slug":"waermebildkamera-fuer-die-freiwillige-feuerwehr-alt-moelln","status":"publish","type":"post","link":"https:\/\/herzogtum-direkt.de\/index.php\/2021\/11\/17\/waermebildkamera-fuer-die-freiwillige-feuerwehr-alt-moelln\/","title":{"rendered":"W\u00e4rmebildkamera f\u00fcr die freiwillige Feuerwehr Alt M\u00f6lln"},"content":{"rendered":"\n<p><strong>Alt M\u00f6lln (pm).<\/strong> Zur offiziellen \u00dcbergabe einer W\u00e4rmebildkamera am 11. November 2021 konnte Gemeindewehrf\u00fchrer Sven Schultze den Alt-M\u00f6llner Tim Wosnitza begr\u00fc\u00dfen. Dank seiner gro\u00dfz\u00fcgigen Spende konnte neben einer W\u00e4rmebildkamera auch ein Akkuschrauber und ein Geradschleifer zur T\u00fcr\u00f6ffnung angeschafft werden. <\/p>\n\n\n\n<p>Unter Einhaltung der Corona Regeln erfolgte nun im kleinen Rahmen mit Vertreterinnen und Vertretern aus der Einsatz-, Jugend- und Kinderabteilung die \u00dcbergabe. \u201eWir freuen uns sehr \u00fcber diese gro\u00dfz\u00fcgige Spende\u201c, betonte Gemeindewehrf\u00fchrer Sven Schultze bei der \u00dcbergabe. \u201eDie Anschaffung wird den Kameradinnen und Kameraden bei vielen verschiedenen Einsatzlagen helfen. Bisher musste bei besonderen Eins\u00e4tzen zur Brandnestersuche oder Personen und Tiersuche eine W\u00e4rmebildkamera von der Nachbarfeuerwehr angefordert werden.\u201c Neben dem Auffinden von Brandnestern in dicht verqualmten R\u00e4umen kann die Kamera, dank feinster Infrarottechnik, beim Auffinden von Personen verwendet werden. Zudem k\u00f6nnen die Brandstellen nach dem Abl\u00f6schen auf weitere Glutnester untersucht werden, die m\u00f6glicherweise mit blo\u00dfem Auge nicht erkennbar sind. Dadurch werden weitere Sch\u00e4den vermieden. Ohne die finanzielle Unterst\u00fctzung w\u00e4re die Anschaffung der W\u00e4rmebildkamera und der technischen Ger\u00e4te zur T\u00fcr\u00f6ffnung nicht m\u00f6glich gewesen.<\/p>\n","protected":false},"excerpt":{"rendered":"<p>Alt M\u00f6lln (pm). Zur offiziellen \u00dcbergabe einer W\u00e4rmebildkamera am 11. November 2021 konnte Gemeindewehrf\u00fchrer Sven Schultze den Alt-M\u00f6llner Tim Wosnitza begr\u00fc\u00dfen. Dank seiner gro\u00dfz\u00fcgigen Spende konnte neben einer W\u00e4rmebildkamera auch ein Akkuschrauber und ein Geradschleifer zur T\u00fcr\u00f6ffnung angeschafft werden. Unter Einhaltung der Corona Regeln erfolgte nun im kleinen Rahmen mit Vertreterinnen und Vertretern aus der [&hellip;]<\/p>\n","protected":false},"author":2,"featured_media":34517,"comment_status":"closed","ping_status":"closed","sticky":false,"template":"","format":"standard","meta":{"jnews-multi-image_gallery":[],"jnews_single_post":{"subtitle":"","format":"standard","video":"","gallery":"","source_name":"","source_url":"","via_name":"","via_url":"","override":[{"template":"1","single_blog_custom":"","parallax":"1","fullscreen":"1","layout":"right-sidebar","sidebar":"default-sidebar","second_sidebar":"default-sidebar","sticky_sidebar":"1","share_position":"top","share_float_style":"share-monocrhome","show_share_counter":"1","show_view_counter":"1","show_featured":"1","show_post_meta":"1","show_post_author":"1","show_post_author_image":"1","show_post_date":"1","post_date_format":"default","post_date_format_custom":"Y\/m\/d","show_post_category":"1","post_reading_time_wpm":"300","zoom_button_out_step":"2","zoom_button_in_step":"3","show_post_tag":"1","show_prev_next_post":"1","show_popup_post":"1","number_popup_post":"1"}],"image_override":[{"single_post_thumbnail_size":"crop-500","single_post_gallery_size":"crop-500"}],"trending_post_position":"meta","trending_post_label":"Trending","sponsored_post_label":"Sponsored by","sponsored_post_name":"","sponsored_post_url":"","sponsored_post_logo":"","sponsored_post_desc":""},"jnews_primary_category":{"id":""},"jnews_social_meta":{"fb_title":"","fb_description":"","fb_image":"","twitter_title":"","twitter_description":"","twitter_image":""},"jnews_override_counter":{"view_counter_number":"0","share_counter_number":"0","like_counter_number":"0","dislike_counter_number":"0"},"jnews_post_split":{"post_split":[{"template":"1","tag":"h2","numbering":"asc","mode":"normal","toc_type":"normal"}]},"footnotes":""},"categories":[68,63],"tags":[301,409],"class_list":["post-34516","post","type-post","status-publish","format-standard","has-post-thumbnail","hentry","category-amt-breitenfelde","category-herzogtum-lauenburg","tag-ehrenamt","tag-feuerwehr"],"_links":{"self":[{"href":"https:\/\/herzogtum-direkt.de\/index.php\/wp-json\/wp\/v2\/posts\/34516","targetHints":{"allow":["GET"]}}],"collection":[{"href":"https:\/\/herzogtum-direkt.de\/index.php\/wp-json\/wp\/v2\/posts"}],"about":[{"href":"https:\/\/herzogtum-direkt.de\/index.php\/wp-json\/wp\/v2\/types\/post"}],"author":[{"embeddable":true,"href":"https:\/\/herzogtum-direkt.de\/index.php\/wp-json\/wp\/v2\/users\/2"}],"replies":[{"embeddable":true,"href":"https:\/\/herzogtum-direkt.de\/index.php\/wp-json\/wp\/v2\/comments?post=34516"}],"version-history":[{"count":1,"href":"https:\/\/herzogtum-direkt.de\/index.php\/wp-json\/wp\/v2\/posts\/34516\/revisions"}],"predecessor-version":[{"id":34518,"href":"https:\/\/herzogtum-direkt.de\/index.php\/wp-json\/wp\/v2\/posts\/34516\/revisions\/34518"}],"wp:featuredmedia":[{"embeddable":true,"href":"https:\/\/herzogtum-direkt.de\/index.php\/wp-json\/wp\/v2\/media\/34517"}],"wp:attachment":[{"href":"https:\/\/herzogtum-direkt.de\/index.php\/wp-json\/wp\/v2\/media?parent=34516"}],"wp:term":[{"taxonomy":"category","embeddable":true,"href":"https:\/\/herzogtum-direkt.de\/index.php\/wp-json\/wp\/v2\/categories?post=34516"},{"taxonomy":"post_tag","embeddable":true,"href":"https:\/\/herzogtum-direkt.de\/index.php\/wp-json\/wp\/v2\/tags?post=34516"}],"curies":[{"name":"wp","href":"https:\/\/api.w.org\/{rel}","templated":true}]}}