{"id":33876,"date":"2021-10-31T06:26:00","date_gmt":"2021-10-31T04:26:00","guid":{"rendered":"https:\/\/herzogtum-direkt.de\/?p=33876"},"modified":"2021-11-03T10:09:20","modified_gmt":"2021-11-03T08:09:20","slug":"buechen-und-die-eisenbahn-1846-bis-heute","status":"publish","type":"post","link":"https:\/\/herzogtum-direkt.de\/index.php\/2021\/10\/31\/buechen-und-die-eisenbahn-1846-bis-heute\/","title":{"rendered":"&#8218;Fluch und Segen der Bahn&#8216;: B\u00fcchen und die Eisenbahn 1846 bis heute"},"content":{"rendered":"\n<p><strong>  &nbsp;<\/strong><\/p>\n\n\n\n<p>B\u00fcchen (pm). Das Caf\u00e8 in der Priesterkate ist  an den Sonntagen 7. November  und 14. November ge\u00f6ffnet. In der Zeit von 13 bis 18 Uhr wird eine Pr\u00e4sentation zur Geschichte des Bahnhofs B\u00fcchen von 1846 bis heute gezeigt .<\/p>\n\n\n\n<p>Vor 175 Jahren, am 18. Dezember 1846, ging die Eisenbahnlinie von Hamburg nach Berlin in Betrieb. Dieses Jubil\u00e4um ist der Anlass, auf die Geschichte und die Bedeutung des Bahnhofs B\u00fcchen und der Eisenbahn f\u00fcr die Gemeinde B\u00fcchen zur\u00fcckzublicken.&nbsp;Der Weg der Gemeinde B\u00fcchen in das Zeitalter der Industrialisierung begann ab der Mitte des 19. Jahrhunderts mit der Entwicklung zum Eisenbahn-Knotenpunkt im Kreis Herzogtum Lauenburg an den Strecken Hamburg-Berlin und L\u00fcbeck-Lauenburg-L\u00fcneburg.&nbsp;<\/p>\n\n\n\n<figure class=\"wp-block-image size-full is-style-rounded\"><img fetchpriority=\"high\" decoding=\"async\" width=\"1000\" height=\"630\" src=\"https:\/\/herzogtum-direkt.de\/wp-content\/uploads\/2021\/02\/1900BuechenBahnhofHauptgebaeudePostkarteCopyrightsunbekannt.jpg\" alt=\"\" class=\"wp-image-28342\" srcset=\"https:\/\/herzogtum-direkt.de\/wp-content\/uploads\/2021\/02\/1900BuechenBahnhofHauptgebaeudePostkarteCopyrightsunbekannt.jpg 1000w, https:\/\/herzogtum-direkt.de\/wp-content\/uploads\/2021\/02\/1900BuechenBahnhofHauptgebaeudePostkarteCopyrightsunbekannt-300x189.jpg 300w, https:\/\/herzogtum-direkt.de\/wp-content\/uploads\/2021\/02\/1900BuechenBahnhofHauptgebaeudePostkarteCopyrightsunbekannt-768x484.jpg 768w, https:\/\/herzogtum-direkt.de\/wp-content\/uploads\/2021\/02\/1900BuechenBahnhofHauptgebaeudePostkarteCopyrightsunbekannt-696x438.jpg 696w, https:\/\/herzogtum-direkt.de\/wp-content\/uploads\/2021\/02\/1900BuechenBahnhofHauptgebaeudePostkarteCopyrightsunbekannt-667x420.jpg 667w\" sizes=\"(max-width: 1000px) 100vw, 1000px\" \/><figcaption>Das Bahnhofshauptgeb\u00e4ude im Jahr 1900. Foto: Amtsarchiv B\u00fcchen <\/figcaption><\/figure>\n\n\n\n<p>Die Geschichte des Bahnhofs und der Gemeinde B\u00fcchen ist in Teilen eng verkn\u00fcpft mit der deutschen Geschichte: von den letzten Tagen des Zweiten Weltkrieges im April 1945, der Teilung Deutschlands von 1945 bis 1989 bis zur Wiedervereinigung der Bundesrepublik Deutschland und der DDR. Weitere Themen sind die Entwicklung und Modernisierung des Bahnhofs B\u00fcchen bis 2013 und der weitere Ausbau zur Mobilit\u00e4tsdrehscheibe bis 2019.&nbsp;&nbsp;<\/p>\n","protected":false},"excerpt":{"rendered":"<p>&nbsp; B\u00fcchen (pm). Das Caf\u00e8 in der Priesterkate ist an den Sonntagen 7. November und 14. November ge\u00f6ffnet. In der Zeit von 13 bis 18 Uhr wird eine Pr\u00e4sentation zur Geschichte des Bahnhofs B\u00fcchen von 1846 bis heute gezeigt . Vor 175 Jahren, am 18. Dezember 1846, ging die Eisenbahnlinie von Hamburg nach Berlin in [&hellip;]<\/p>\n","protected":false},"author":2,"featured_media":33877,"comment_status":"closed","ping_status":"closed","sticky":false,"template":"","format":"standard","meta":{"jnews-multi-image_gallery":[],"jnews_single_post":{"subtitle":"Vortrag im Themencaf\u00e9 der Priesterkate","format":"standard","video":"","gallery":"","source_name":"","source_url":"","via_name":"","via_url":"","override":[{"template":"1","single_blog_custom":"","parallax":"1","fullscreen":"1","layout":"right-sidebar","sidebar":"default-sidebar","second_sidebar":"default-sidebar","sticky_sidebar":"1","share_position":"top","share_float_style":"share-monocrhome","show_share_counter":"1","show_view_counter":"1","show_featured":"1","show_post_meta":"1","show_post_author":"1","show_post_author_image":"1","show_post_date":"1","post_date_format":"default","post_date_format_custom":"Y\/m\/d","show_post_category":"1","post_reading_time_wpm":"300","zoom_button_out_step":"2","zoom_button_in_step":"3","show_post_tag":"1","show_prev_next_post":"1","show_popup_post":"1","number_popup_post":"1"}],"image_override":[{"single_post_thumbnail_size":"crop-500","single_post_gallery_size":"crop-500"}],"trending_post_position":"meta","trending_post_label":"Trending","sponsored_post_label":"Sponsored by","sponsored_post_name":"","sponsored_post_url":"","sponsored_post_logo":"","sponsored_post_desc":""},"jnews_primary_category":{"id":""},"jnews_social_meta":{"fb_title":"","fb_description":"","fb_image":"","twitter_title":"","twitter_description":"","twitter_image":""},"jnews_override_counter":{"view_counter_number":"0","share_counter_number":"0","like_counter_number":"0","dislike_counter_number":"0"},"jnews_post_split":{"post_split":[{"template":"1","tag":"h2","numbering":"asc","mode":"normal","toc_type":"normal"}]},"footnotes":""},"categories":[2650],"tags":[910,139],"class_list":["post-33876","post","type-post","status-publish","format-standard","has-post-thumbnail","hentry","category-buechen","tag-geschichte","tag-priesterkate-buechen"],"_links":{"self":[{"href":"https:\/\/herzogtum-direkt.de\/index.php\/wp-json\/wp\/v2\/posts\/33876","targetHints":{"allow":["GET"]}}],"collection":[{"href":"https:\/\/herzogtum-direkt.de\/index.php\/wp-json\/wp\/v2\/posts"}],"about":[{"href":"https:\/\/herzogtum-direkt.de\/index.php\/wp-json\/wp\/v2\/types\/post"}],"author":[{"embeddable":true,"href":"https:\/\/herzogtum-direkt.de\/index.php\/wp-json\/wp\/v2\/users\/2"}],"replies":[{"embeddable":true,"href":"https:\/\/herzogtum-direkt.de\/index.php\/wp-json\/wp\/v2\/comments?post=33876"}],"version-history":[{"count":2,"href":"https:\/\/herzogtum-direkt.de\/index.php\/wp-json\/wp\/v2\/posts\/33876\/revisions"}],"predecessor-version":[{"id":34059,"href":"https:\/\/herzogtum-direkt.de\/index.php\/wp-json\/wp\/v2\/posts\/33876\/revisions\/34059"}],"wp:featuredmedia":[{"embeddable":true,"href":"https:\/\/herzogtum-direkt.de\/index.php\/wp-json\/wp\/v2\/media\/33877"}],"wp:attachment":[{"href":"https:\/\/herzogtum-direkt.de\/index.php\/wp-json\/wp\/v2\/media?parent=33876"}],"wp:term":[{"taxonomy":"category","embeddable":true,"href":"https:\/\/herzogtum-direkt.de\/index.php\/wp-json\/wp\/v2\/categories?post=33876"},{"taxonomy":"post_tag","embeddable":true,"href":"https:\/\/herzogtum-direkt.de\/index.php\/wp-json\/wp\/v2\/tags?post=33876"}],"curies":[{"name":"wp","href":"https:\/\/api.w.org\/{rel}","templated":true}]}}