{"id":33770,"date":"2021-10-26T14:59:03","date_gmt":"2021-10-26T12:59:03","guid":{"rendered":"https:\/\/herzogtum-direkt.de\/?p=33770"},"modified":"2021-10-27T16:24:22","modified_gmt":"2021-10-27T14:24:22","slug":"schulen-maskenpflicht-im-unterricht-wird-aufgehoben","status":"publish","type":"post","link":"https:\/\/herzogtum-direkt.de\/index.php\/2021\/10\/26\/schulen-maskenpflicht-im-unterricht-wird-aufgehoben\/","title":{"rendered":"Schulen: Maskenpflicht im Unterricht wird aufgehoben"},"content":{"rendered":"\n<p><strong>Kiel (pm).<\/strong> Die Jamaika-Koalition hat wie angek\u00fcndigt \u00fcber die aktuelle Corona-Lage und das weitere Vorgehen an den schleswig-holsteinischen Schulen beraten: Ab Montag, 1. November, wird die Pflicht zum Tragen einer Mund-Nasen-Bedeckung (MNB) im Unterricht (am Sitzplatz) entfallen. Die Testpflicht (zweimal w\u00f6chentlich) bleibt f\u00fcr Nicht-Geimpfte und Nicht-Genesene bestehen.<\/p>\n\n\n\n<p>Ministerpr\u00e4sident Daniel G\u00fcnther sagte dazu: &#8222;Wir haben wie angek\u00fcndigt die Zeit nach den Ferien genutzt, um das Infektionsgeschehen bewerten zu k\u00f6nnen. Die Beratungen der Landesregierung mit der Expertenrunde best\u00e4tigen uns darin, dass wir die angek\u00fcndigte Aufhebung der Maskenpflicht im Unterricht umsetzen k\u00f6nnen. Damit gehen wir einen weiteren Schritt in Richtung Normalit\u00e4t.&#8220; Es sei deutlich, dass das Risiko an Schulen gegen\u00fcber sonstigen Aktivit\u00e4ten von Kindern und Jugendlichen nicht erh\u00f6ht ist. &#8222;Wir haben bereits in vielen Lebensbereichen zur Normalit\u00e4t zur\u00fcckgefunden \u2013 Kinder treffen sich im Freundeskreis oder im Sportverein oder feiern gemeinsam Geburtstag&#8220;, so der Ministerpr\u00e4sident. Bei diesen Gelegenheiten sei das Tragen einer Mund-Nasen-Bedeckung auch keine Pflicht, obwohl der Personenkreis oftmals identisch sei.<\/p>\n\n\n\n<p>Die Inzidenzentwicklung sei im \u00dcbrigen nicht mehr der entscheidende Faktor zur Lagebewertung, vielmehr m\u00fcssten auch Krankenhaus- und Intensivbelegung st\u00e4rker einbezogen werden. Hier sei die Situation im Land weiterhin stabil.<\/p>\n\n\n\n<p>Die stellvertretende Ministerpr\u00e4sidentin Monika Heinold erg\u00e4nzte: &#8222;Je disziplinierter wir als Erwachsene sind, je mehr von uns sich impfen lassen, desto mehr Entlastung kann es f\u00fcr unsere Kinder geben. Das Spannungsfeld, Vorsicht zu wahren und zur\u00fcck ins alte Leben zu starten, wird angesichts der aktuellen Entwicklung auch in den n\u00e4chsten Wochen noch bestehen bleiben.&#8220;<\/p>\n\n\n\n<p>Der stellvertretende Ministerpr\u00e4sident und Gesundheitsminister Heiner Garg wies auf die hohe Impfquote bei den 12- bis 17-J\u00e4hrigen im Land hin: &#8222;Fast 60 Prozent in dieser Altersgruppe sind mindestens einmal (Stand: 25. Oktober), 54 Prozent vollst\u00e4ndig geimpft. Das sind mehr als in jedem anderen Bundesland. Diesen Weg gilt es fortzusetzen, jede Impfung ist ein Beitrag zum Gesundheitsschutz!&#8220; Die Inzidenzen in Schleswig-Holstein seien insgesamt niedriger als in anderen L\u00e4ndern. Dennoch appellierte der Minister: &#8222;Kinder- und Jugendliche unter 12 Jahren k\u00f6nnen wir derzeit am besten sch\u00fctzen, indem wir Erwachsenen uns impfen lassen!&#8220; Nach R\u00fcckmeldungen der Gesundheits\u00e4mter spielen weiterhin Reiser\u00fcckkehrende eine Rolle bei dem Infektionsgeschehen.<\/p>\n\n\n\n<p>Sollte es in einer Lerngruppe zu einem Infektionsfall kommen, gelten f\u00fcr diese Lerngruppe f\u00fcr f\u00fcnf Tage eine Pflicht zum t\u00e4glichen Selbsttest sowie die Maskenpflicht auch wieder im Unterricht.<\/p>\n","protected":false},"excerpt":{"rendered":"<p>Kiel (pm). Die Jamaika-Koalition hat wie angek\u00fcndigt \u00fcber die aktuelle Corona-Lage und das weitere Vorgehen an den schleswig-holsteinischen Schulen beraten: Ab Montag, 1. November, wird die Pflicht zum Tragen einer Mund-Nasen-Bedeckung (MNB) im Unterricht (am Sitzplatz) entfallen. Die Testpflicht (zweimal w\u00f6chentlich) bleibt f\u00fcr Nicht-Geimpfte und Nicht-Genesene bestehen. Ministerpr\u00e4sident Daniel G\u00fcnther sagte dazu: &#8222;Wir haben wie [&hellip;]<\/p>\n","protected":false},"author":2,"featured_media":33274,"comment_status":"closed","ping_status":"closed","sticky":false,"template":"","format":"standard","meta":{"jnews-multi-image_gallery":[],"jnews_single_post":{"subtitle":"","format":"standard","video":"","gallery":"","source_name":"","source_url":"","via_name":"","via_url":"","override":[{"template":"1","single_blog_custom":"","parallax":"1","fullscreen":"1","layout":"right-sidebar","sidebar":"default-sidebar","second_sidebar":"default-sidebar","sticky_sidebar":"1","share_position":"top","share_float_style":"share-monocrhome","show_share_counter":"1","show_view_counter":"1","show_featured":"1","show_post_meta":"1","show_post_author":"1","show_post_author_image":"1","show_post_date":"1","post_date_format":"default","post_date_format_custom":"Y\/m\/d","show_post_category":"1","post_reading_time_wpm":"300","zoom_button_out_step":"2","zoom_button_in_step":"3","show_post_tag":"1","show_prev_next_post":"1","show_popup_post":"1","number_popup_post":"1"}],"image_override":[{"single_post_thumbnail_size":"crop-500","single_post_gallery_size":"crop-500"}],"trending_post_position":"meta","trending_post_label":"Trending","sponsored_post_label":"Sponsored by","sponsored_post_name":"","sponsored_post_url":"","sponsored_post_logo":"","sponsored_post_desc":""},"jnews_primary_category":{"id":""},"jnews_social_meta":{"fb_title":"","fb_description":"","fb_image":"","twitter_title":"","twitter_description":"","twitter_image":""},"jnews_override_counter":{"view_counter_number":"0","share_counter_number":"0","like_counter_number":"0","dislike_counter_number":"0"},"jnews_post_split":{"post_split":[{"template":"1","tag":"h2","numbering":"asc","mode":"normal","toc_type":"normal"}]},"footnotes":""},"categories":[63,2],"tags":[129,2723,2755],"class_list":["post-33770","post","type-post","status-publish","format-standard","has-post-thumbnail","hentry","category-herzogtum-lauenburg","category-startseite","tag-gesundheit","tag-maskenpflicht","tag-schulen"],"_links":{"self":[{"href":"https:\/\/herzogtum-direkt.de\/index.php\/wp-json\/wp\/v2\/posts\/33770","targetHints":{"allow":["GET"]}}],"collection":[{"href":"https:\/\/herzogtum-direkt.de\/index.php\/wp-json\/wp\/v2\/posts"}],"about":[{"href":"https:\/\/herzogtum-direkt.de\/index.php\/wp-json\/wp\/v2\/types\/post"}],"author":[{"embeddable":true,"href":"https:\/\/herzogtum-direkt.de\/index.php\/wp-json\/wp\/v2\/users\/2"}],"replies":[{"embeddable":true,"href":"https:\/\/herzogtum-direkt.de\/index.php\/wp-json\/wp\/v2\/comments?post=33770"}],"version-history":[{"count":3,"href":"https:\/\/herzogtum-direkt.de\/index.php\/wp-json\/wp\/v2\/posts\/33770\/revisions"}],"predecessor-version":[{"id":33796,"href":"https:\/\/herzogtum-direkt.de\/index.php\/wp-json\/wp\/v2\/posts\/33770\/revisions\/33796"}],"wp:featuredmedia":[{"embeddable":true,"href":"https:\/\/herzogtum-direkt.de\/index.php\/wp-json\/wp\/v2\/media\/33274"}],"wp:attachment":[{"href":"https:\/\/herzogtum-direkt.de\/index.php\/wp-json\/wp\/v2\/media?parent=33770"}],"wp:term":[{"taxonomy":"category","embeddable":true,"href":"https:\/\/herzogtum-direkt.de\/index.php\/wp-json\/wp\/v2\/categories?post=33770"},{"taxonomy":"post_tag","embeddable":true,"href":"https:\/\/herzogtum-direkt.de\/index.php\/wp-json\/wp\/v2\/tags?post=33770"}],"curies":[{"name":"wp","href":"https:\/\/api.w.org\/{rel}","templated":true}]}}