{"id":33460,"date":"2021-10-19T20:29:57","date_gmt":"2021-10-19T18:29:57","guid":{"rendered":"https:\/\/2021.herzogtum-direkt.de\/?p=33460"},"modified":"2021-10-20T15:58:10","modified_gmt":"2021-10-20T13:58:10","slug":"wanderausstellung-was-los-deutschland-themasiert-die-islamdebatte-im-berufsbildungszentrum-moelln","status":"publish","type":"post","link":"https:\/\/herzogtum-direkt.de\/index.php\/2021\/10\/19\/wanderausstellung-was-los-deutschland-themasiert-die-islamdebatte-im-berufsbildungszentrum-moelln\/","title":{"rendered":"Wanderausstellung \u201aWas\u2018 los, Deutschland!?\u2018 thematisiert die Islamdebatte im Berufsbildungszentrum M\u00f6lln"},"content":{"rendered":"\n<p><strong>M\u00f6lln (pm).<\/strong> Der Verein Miteinander leben e.V. pr\u00e4sentiert vom 20. Oktober bis zum 3. Novemnber 2021 die Wanderausstellung \u201eWas\u2018 los, Deutschland!? \u2013 Ein Parcours durch die Islamdebatte\u201c der CD-Kaserne Celle kostenlos im Berufsbildungszentrum M\u00f6lln f\u00fcr Schulklassen der Stufen neun bis zw\u00f6lf in der Region. Erm\u00f6glicht wird dies durch eine F\u00f6rderung durch der Partnerschaft f\u00fcr Demokratie des Kreises Herzogtum Lauenburg im Rahmen des Bundesprogramms \u201eDemokratie leben!\u201c<\/p>\n\n\n\n<div class=\"wp-block-image\"><figure class=\"alignleft\"><a href=\"https:\/\/herzogtum-direkt.de\/wp-content\/uploads\/2021\/10\/Was-los.png\"><img decoding=\"async\" src=\"https:\/\/herzogtum-direkt.de\/wp-content\/uploads\/2021\/10\/Was-los-150x150.png\" alt=\"\" class=\"wp-image-32921\"\/><\/a><\/figure><\/div>\n\n\n\n<p>\u201eWas\u2018 los, Deutschland!?\u201c ist mehr als eine Auseinandersetzung zu einem der meistdiskutierten Themen unserer Zeit: Die Ausstellung informiert, interveniert und fordert zur selbst\u00e4ndigen Reflexion auf. Sie soll junge Menschen darin unterst\u00fctzen, populistischen und menschenverachtenden Meinungen und Ideologien entgegenzutreten und die Welt in ihrer Komplexit\u00e4t wahrzunehmen. Gleichzeitig wird zum Nachdenken \u00fcber gesellschaftliche Fragen angeregt, wobei die zentrale Frage lautet: \u201eWie wollen wir in dieser Gesellschaft leben?\u201c<\/p>\n\n\n\n<p>Der Kern der Wanderausstellung kann als eingefrorenes Theaterst\u00fcck beschrieben werden, kombiniert mit einer systemischen Strukturaufstellung. Besucher bewegen sich durch eine multimediale Szenerie von 27 lebensgro\u00dfen Figuren in zw\u00f6lf Szenen, die jeweils f\u00fcr sich, aber auch im Zusammenhang stehen. \u00dcber Lautsprecher kommunizieren die Figuren miteinander und \u00fcber Kopfh\u00f6rer sind ihre Gedanken zu h\u00f6ren.<\/p>\n\n\n\n<p>Die Besucher sind in der Ausstellung auf diese Weise st\u00e4ndig aufgefordert, sich mit den Protagonisten der Szenen auseinanderzusetzen. Dies wird durch einige Videoformate unterst\u00fctzt, die die Zuschauenden direkt ansprechen. Vertieft werden die Themen der Szenen durch Texte direkt an den Stationen, durch eine Wissensstation im Zentrum der Ausstellung sowie durch zwei interaktive Spielstationen. Auch eigene Erfahrungen mit Diskriminierung haben dabei ihren Platz. In dieser multimedialen und interaktiven Umgebung finden die Jugendlichen\/Besucher Impulse zur Reflexion rund um den deutschen Islamdiskurs, so zum Beispiel zu Zivilcourage, Antisemitismus oder kritischer Medienrezeption.<\/p>\n\n\n\n<p>Am kommenden Mittwoch um 18 Uhr wird die Wanderausstellung im Rahmen einer kleinen Vernissage er\u00f6ffnet und dabei auch f\u00fcr die allgemeine \u00d6ffentlichkeit zug\u00e4ngig sein. Schulleiter Ulrich Keller, B\u00fcrgermeister Jan Wiegels B\u00fcrgermeister und Hamit Cebeci von der muslimischen Gemeinde M\u00f6lln werden sprechen. F\u00fcr den musikalischen Rahmen sorgt der Frauen-Musik-Treff der \u201eTontalente\u201c aus L\u00fcbeck. Der \u00d6ffentlichkeit wird sich die Ausstellung danach nur noch einmal am 31. Oktober 2021 im Anschluss an die Kundgebung \u201eWir sind nicht still!\u201c ab 14 Uhr pr\u00e4sentieren.<\/p>\n\n\n\n<p>Informationen zur Ausstellung unter <a href=\"https:\/\/waslosdeutschland.info\">https:\/\/waslosdeutschland.info<\/a> \u201eWas\u00b4 los, Deutschland!?\u201c wurde von der CD-Kaserne Celle entwickelt und realisiert. An der interdisziplin\u00e4ren Ausstellungsentwicklung waren Islamwissenschaftler*innen, Kulturanthropologen*innen, Jugend- marketing-Spezialist*innen, Theaterschauspieler*innen, Kulturwissen- schaftler*innen und Systemische Fachleute ebenso beteiligt wie Mitglieder des muslimischen, satirischen YouTube-Formates \u201eDattelt\u00e4ter\u201c und des Theaterkollektivs \u201eMarkus und Markus\u201c.<\/p>\n\n\n\n<p>Finanziert wurde die Entwicklung der Ausstellung \u201eWas\u2018 los, Deutschland!?\u201c durch das Landesdemokratiezentrum am Landespr\u00e4ventionsrat im Nieders\u00e4chsischen Justizministerium mit Mittel aus dem Bundesprogramm \u201eDemokratie leben!\u201c (Bundesministerium f\u00fcr Familie, Senioren, Frauen und Jugend) sowie durch die Stiftung Niedersachsen, das Nieders\u00e4chsische Kultusministerium und die Sparkasse Celle.<\/p>\n","protected":false},"excerpt":{"rendered":"<p>M\u00f6lln (pm). Der Verein Miteinander leben e.V. pr\u00e4sentiert vom 20. Oktober bis zum 3. Novemnber 2021 die Wanderausstellung \u201eWas\u2018 los, Deutschland!? \u2013 Ein Parcours durch die Islamdebatte\u201c der CD-Kaserne Celle kostenlos im Berufsbildungszentrum M\u00f6lln f\u00fcr Schulklassen der Stufen neun bis zw\u00f6lf in der Region. Erm\u00f6glicht wird dies durch eine F\u00f6rderung durch der Partnerschaft f\u00fcr Demokratie [&hellip;]<\/p>\n","protected":false},"author":2,"featured_media":1186,"comment_status":"closed","ping_status":"closed","sticky":false,"template":"","format":"standard","meta":{"jnews-multi-image_gallery":[],"jnews_single_post":{"subtitle":"Vernissage am kommenden Mittwoch mit Besichtigungsm\u00f6glichkeit.","format":"standard","video":"","gallery":"","source_name":"","source_url":"","via_name":"","via_url":"","override":[{"template":"1","single_blog_custom":"","parallax":"1","fullscreen":"1","layout":"right-sidebar","sidebar":"default-sidebar","second_sidebar":"default-sidebar","sticky_sidebar":"1","share_position":"top","share_float_style":"share-monocrhome","show_share_counter":"1","show_view_counter":"1","show_featured":"1","show_post_meta":"1","show_post_author":"1","show_post_author_image":"1","show_post_date":"1","post_date_format":"default","post_date_format_custom":"Y\/m\/d","show_post_category":"1","post_reading_time_wpm":"300","zoom_button_out_step":"2","zoom_button_in_step":"3","show_post_tag":"1","show_prev_next_post":"1","show_popup_post":"1","number_popup_post":"1"}],"image_override":[{"single_post_thumbnail_size":"crop-500","single_post_gallery_size":"crop-500"}],"trending_post_position":"meta","trending_post_label":"Trending","sponsored_post_label":"Sponsored by","sponsored_post_name":"","sponsored_post_url":"","sponsored_post_logo":"","sponsored_post_desc":""},"jnews_primary_category":{"id":""},"jnews_social_meta":{"fb_title":"","fb_description":"","fb_image":"","twitter_title":"","twitter_description":"","twitter_image":""},"jnews_override_counter":{"view_counter_number":"0","share_counter_number":"0","like_counter_number":"0","dislike_counter_number":"0"},"jnews_post_split":{"post_split":[{"template":"1","tag":"h2","numbering":"asc","mode":"normal","toc_type":"normal"}]},"footnotes":""},"categories":[63,66],"tags":[133],"class_list":["post-33460","post","type-post","status-publish","format-standard","has-post-thumbnail","hentry","category-herzogtum-lauenburg","category-moelln","tag-moelln"],"_links":{"self":[{"href":"https:\/\/herzogtum-direkt.de\/index.php\/wp-json\/wp\/v2\/posts\/33460","targetHints":{"allow":["GET"]}}],"collection":[{"href":"https:\/\/herzogtum-direkt.de\/index.php\/wp-json\/wp\/v2\/posts"}],"about":[{"href":"https:\/\/herzogtum-direkt.de\/index.php\/wp-json\/wp\/v2\/types\/post"}],"author":[{"embeddable":true,"href":"https:\/\/herzogtum-direkt.de\/index.php\/wp-json\/wp\/v2\/users\/2"}],"replies":[{"embeddable":true,"href":"https:\/\/herzogtum-direkt.de\/index.php\/wp-json\/wp\/v2\/comments?post=33460"}],"version-history":[{"count":2,"href":"https:\/\/herzogtum-direkt.de\/index.php\/wp-json\/wp\/v2\/posts\/33460\/revisions"}],"predecessor-version":[{"id":33535,"href":"https:\/\/herzogtum-direkt.de\/index.php\/wp-json\/wp\/v2\/posts\/33460\/revisions\/33535"}],"wp:featuredmedia":[{"embeddable":true,"href":"https:\/\/herzogtum-direkt.de\/index.php\/wp-json\/wp\/v2\/media\/1186"}],"wp:attachment":[{"href":"https:\/\/herzogtum-direkt.de\/index.php\/wp-json\/wp\/v2\/media?parent=33460"}],"wp:term":[{"taxonomy":"category","embeddable":true,"href":"https:\/\/herzogtum-direkt.de\/index.php\/wp-json\/wp\/v2\/categories?post=33460"},{"taxonomy":"post_tag","embeddable":true,"href":"https:\/\/herzogtum-direkt.de\/index.php\/wp-json\/wp\/v2\/tags?post=33460"}],"curies":[{"name":"wp","href":"https:\/\/api.w.org\/{rel}","templated":true}]}}