{"id":33270,"date":"2021-10-08T07:50:00","date_gmt":"2021-10-08T05:50:00","guid":{"rendered":"https:\/\/2021.herzogtum-direkt.de\/?p=33270"},"modified":"2021-10-15T19:51:51","modified_gmt":"2021-10-15T17:51:51","slug":"ideen-aus-der-zukunft-wie-ist-deine-vision-fuer-moelln-im-jahr-2035","status":"publish","type":"post","link":"https:\/\/herzogtum-direkt.de\/index.php\/2021\/10\/08\/ideen-aus-der-zukunft-wie-ist-deine-vision-fuer-moelln-im-jahr-2035\/","title":{"rendered":"Ideen aus der Zukunft: Wie ist Deine Vision f\u00fcr M\u00f6lln im Jahr 2035?"},"content":{"rendered":"\n<p><strong>M\u00f6llln (pm).<\/strong> Die Stadt M\u00f6lln m\u00f6chte sich zukunftsorientiert und nachhaltig gestalten und bis zum Jahr 2035 klimaneutral sein. Da dieses Ziel eine Gemeinschaftsaufgabe ist und viele M\u00f6glichkeiten mit sich bringt, sollen sich auch alle in M\u00f6lln lebenden und arbeitenden Personen aktiv an dem Entwicklungsprozess f\u00fcr konkrete Ma\u00dfnahmen beteiligen k\u00f6nnen. Die Klimaschutzmanagerin der Stadt, Lisa Vidal, l\u00e4dt alle Interessierten dazu ein, ihre eigenen Ideen f\u00fcr ein klimaneutrales M\u00f6lln einzubringen. Hierf\u00fcr wurde eigens eine sogenannte Ideen-Pinnwand auf der Webseite der Stadt M\u00f6lln eingerichtet, auf der die eingereichten Vorschl\u00e4ge \u00f6ffentlich einsehbar sind (<a href=\"https:\/\/www.moelln.de\/die-eulenspiegelstadt\/klimaschutz\/klima-zum-mitmachen\/ideenpinnwand\" target=\"_blank\" rel=\"noreferrer noopener\">https:\/\/www.moelln.de\/die-eulenspiegelstadt\/klimaschutz\/klima-zum-mitmachen\/ideenpinnwand<\/a>).<\/p>\n\n\n\n<p>Die Ideen k\u00f6nnen entweder per Mail an <a href=\"mailto:klimaschutz@moelln.de\">klimaschutz@moelln.de<\/a> oder handschriftlich in Form einer Zukunfts-Postkarte weitergeleitet werden. Die Zukunfts-Postkarten finden Sie an vielen \u00f6ffentlichen Standorten im Stadtgebiet, zum Beispiel im Eingangsbereich des Stadthauses.<br>Einen ersten Auftakt zur Ideensammlung gab es bereits am vergangenen Donnerstag (30. September 2021) im Rahmen einer \u00f6ffentlichen Veranstaltung, zu der die Klimaschutzmanagerin eingeladen hatte. Insgesamt hatten zirka 40 interessierte Teilnehmer diese Gelegenheit genutzt, um sich \u00fcber den aktuellen Entwicklungsprozess des Klimaschutzkonzeptes zu informieren und \u00fcber ihre eigenen Vorschl\u00e4ge und Ideen auszutauschen.<\/p>\n\n\n\n<p>Die M\u00f6glichkeit zur Ideeneinreichung wird noch bis Ende Februar n\u00e4chsten Jahres bestehen. All diejenigen, die ihre Ideen bereits bis zum 31. Oktober 2021 einbringen, haben die Chance, einen von f\u00fcnf Beratungsgutscheinen f\u00fcr Energieberatungen der Verbraucherzentrale zu erhalten.&nbsp; Weitere Informationen erhalten Sie \u00fcber die Klimaschutzmanagerin, Lisa Vidal, unter der Telefonnummer 04542-803-180 oder per Email an <a href=\"mailto:lisa.vidal@moelln.de\">lisa.vidal@moelln.de<\/a>.<\/p>\n","protected":false},"excerpt":{"rendered":"<p>M\u00f6llln (pm). Die Stadt M\u00f6lln m\u00f6chte sich zukunftsorientiert und nachhaltig gestalten und bis zum Jahr 2035 klimaneutral sein. Da dieses Ziel eine Gemeinschaftsaufgabe ist und viele M\u00f6glichkeiten mit sich bringt, sollen sich auch alle in M\u00f6lln lebenden und arbeitenden Personen aktiv an dem Entwicklungsprozess f\u00fcr konkrete Ma\u00dfnahmen beteiligen k\u00f6nnen. Die Klimaschutzmanagerin der Stadt, Lisa Vidal, [&hellip;]<\/p>\n","protected":false},"author":2,"featured_media":33271,"comment_status":"closed","ping_status":"closed","sticky":false,"template":"","format":"standard","meta":{"jnews-multi-image_gallery":[],"jnews_single_post":{"subtitle":"","format":"standard","video":"","gallery":"","source_name":"","source_url":"","via_name":"","via_url":"","override":[{"template":"1","single_blog_custom":"","parallax":"1","fullscreen":"1","layout":"right-sidebar","sidebar":"default-sidebar","second_sidebar":"default-sidebar","sticky_sidebar":"1","share_position":"top","share_float_style":"share-monocrhome","show_share_counter":"1","show_view_counter":"1","show_featured":"1","show_post_meta":"1","show_post_author":"1","show_post_author_image":"1","show_post_date":"1","post_date_format":"default","post_date_format_custom":"Y\/m\/d","show_post_category":"1","post_reading_time_wpm":"300","zoom_button_out_step":"2","zoom_button_in_step":"3","show_post_tag":"1","show_prev_next_post":"1","show_popup_post":"1","number_popup_post":"1"}],"image_override":[{"single_post_thumbnail_size":"crop-500","single_post_gallery_size":"crop-500"}],"trending_post_position":"meta","trending_post_label":"Trending","sponsored_post_label":"Sponsored by","sponsored_post_name":"","sponsored_post_url":"","sponsored_post_logo":"","sponsored_post_desc":""},"jnews_primary_category":{"id":""},"jnews_social_meta":{"fb_title":"","fb_description":"","fb_image":"","twitter_title":"","twitter_description":"","twitter_image":""},"jnews_override_counter":{"view_counter_number":"0","share_counter_number":"0","like_counter_number":"0","dislike_counter_number":"0"},"jnews_post_split":{"post_split":[{"template":"1","tag":"h2","numbering":"asc","mode":"normal","toc_type":"normal"}]},"footnotes":""},"categories":[63,66],"tags":[133],"class_list":["post-33270","post","type-post","status-publish","format-standard","has-post-thumbnail","hentry","category-herzogtum-lauenburg","category-moelln","tag-moelln"],"_links":{"self":[{"href":"https:\/\/herzogtum-direkt.de\/index.php\/wp-json\/wp\/v2\/posts\/33270","targetHints":{"allow":["GET"]}}],"collection":[{"href":"https:\/\/herzogtum-direkt.de\/index.php\/wp-json\/wp\/v2\/posts"}],"about":[{"href":"https:\/\/herzogtum-direkt.de\/index.php\/wp-json\/wp\/v2\/types\/post"}],"author":[{"embeddable":true,"href":"https:\/\/herzogtum-direkt.de\/index.php\/wp-json\/wp\/v2\/users\/2"}],"replies":[{"embeddable":true,"href":"https:\/\/herzogtum-direkt.de\/index.php\/wp-json\/wp\/v2\/comments?post=33270"}],"version-history":[{"count":1,"href":"https:\/\/herzogtum-direkt.de\/index.php\/wp-json\/wp\/v2\/posts\/33270\/revisions"}],"predecessor-version":[{"id":33272,"href":"https:\/\/herzogtum-direkt.de\/index.php\/wp-json\/wp\/v2\/posts\/33270\/revisions\/33272"}],"wp:featuredmedia":[{"embeddable":true,"href":"https:\/\/herzogtum-direkt.de\/index.php\/wp-json\/wp\/v2\/media\/33271"}],"wp:attachment":[{"href":"https:\/\/herzogtum-direkt.de\/index.php\/wp-json\/wp\/v2\/media?parent=33270"}],"wp:term":[{"taxonomy":"category","embeddable":true,"href":"https:\/\/herzogtum-direkt.de\/index.php\/wp-json\/wp\/v2\/categories?post=33270"},{"taxonomy":"post_tag","embeddable":true,"href":"https:\/\/herzogtum-direkt.de\/index.php\/wp-json\/wp\/v2\/tags?post=33270"}],"curies":[{"name":"wp","href":"https:\/\/api.w.org\/{rel}","templated":true}]}}