{"id":32592,"date":"2021-09-30T10:16:33","date_gmt":"2021-09-30T08:16:33","guid":{"rendered":"https:\/\/2021.herzogtum-direkt.de\/?p=32592"},"modified":"2021-09-30T10:16:33","modified_gmt":"2021-09-30T08:16:33","slug":"erholung-am-arbeitsmarkt-haelt-an-weiterer-rueckgang-der-arbeitslosigkeit","status":"publish","type":"post","link":"https:\/\/herzogtum-direkt.de\/index.php\/2021\/09\/30\/erholung-am-arbeitsmarkt-haelt-an-weiterer-rueckgang-der-arbeitslosigkeit\/","title":{"rendered":"Erholung am Arbeitsmarkt h\u00e4lt an \u2013 weiterer R\u00fcckgang der Arbeitslosigkeit"},"content":{"rendered":"<p><strong>Herzogtum Lauenburg (pm).<\/strong> Im August waren im Kreis Herzogtum Lauenburg 5.464 Menschen bei der Agentur f\u00fcr Arbeit Bad Oldesloe arbeitslos gemeldet, gut 160 weniger als im Juli. Ihre Zahl hat jetzt im September nochmals deutlich um 179 abgenommen. Damit sind aktuell 5.285 Menschen arbeitslos. In der Folge ist die Arbeitslosenquote zum Vormonat um 0,1 Prozentpunkt zur\u00fcckgegangen und liegt jetzt bei 5,0 Prozent.<\/p>\n<p>Vor einem Jahr waren im September noch 6.037 Menschen und damit 752 mehr arbeitslos. Die Quote lag seinerzeit bei 5,7 Prozent. \u201eDer Schwung am Arbeitsmarkt nach der \u201eSommerpause\u201c setzt sich auch im September fort. Die Arbeitslosigkeit hat nochmals um fast 180 Jobsuchende zum Vormonat abgenommen und seit Juli sind bereits 340 Menschen weniger arbeitslos gemeldet. Von dieser positiven Entwicklung der letzten zwei Monate haben bis auf die langzeitarbeitslosen Menschen alle Personengruppen profitieren k\u00f6nnen\u201c, sagt Kathleen Wieczorek, Chefin der Agentur f\u00fcr Arbeit Bad Oldesloe zu den aktuellen Arbeitsmarktdaten f\u00fcr den Kreis Herzogtum Lauenburg. \u201eUnser Stellenbestand ist in diesem Monat um weitere 23 sozialversicherungspflichtige Stellen gewachsen und hat mit jetzt 1.568 einen weiteren neuen H\u00f6chstwert f\u00fcr die letzten Jahre erreicht. Die Unternehmen aus dem Kreis Herzogtum Lauenburg suchen \u00fcber fast alle Branchen hinweg so viele neue Mitarbeiterinnen und Mitarbeiter wie vor Beginn der Corona-Pandemie. Zugenommen haben die Personalbedarfe insbesondere im verarbeitenden Gewerbe sowie im Gesundheits- und Sozialwesen.\u201c<\/p>\n<p>Sozialversicherungspflichtige Stellen<\/p>\n<p>Dem gemeinsamen Arbeitgeber-Service von Arbeitsagentur und Jobcenter sind im September 286 neue sozialversicherungspflichtige Stellen gemeldet worden. Das sind 14 weniger (minus 4,7 Prozent) als im Vormonat und 22 mehr (plus 8,3 Prozent) als im September vergangenen Jahres. Damit sind aktuell insgesamt 1.568 sozialversicherungspflichtige Stellen im Kreis Herzogtum Lauenburg zu besetzen, 23 oder 1,5 Prozent mehr als im Vormonat. Im Vergleich zum Vorjahresmonat sind dies 298 Stellen mehr.<\/p>\n<p>Unterbesch\u00e4ftigung<\/p>\n<p>Die Unterbesch\u00e4ftigung zeigt, wie viele Menschen insgesamt auf der Suche nach einer neuen Besch\u00e4ftigung sind. \u201eIm Herzogtum Lauenburg betr\u00e4gt die Zahl der Unterbesch\u00e4ftigten aktuell 6.801. Die Unterbesch\u00e4ftigungsquote liegt bei 6,3 Prozent und hat damit um 0,2 Prozentpunkte zum Vormonat abgenommen. Im September des Vorjahres lag sie bei 7,0 Prozent\u201c, so Wieczorek.<\/p>\n<p>Nicht als arbeitslos gez\u00e4hlt werden beispielsweise Teilnehmende an Weiterbildungsma\u00dfnahmen und in Arbeitsgelegenheiten oder Arbeitsuchende, die derzeit arbeitsunf\u00e4hig erkrankt sind, sowie gefl\u00fcchtete Menschen, die einen Sprach- oder Integrationskurs oder eine der berufsvorbereitenden Ma\u00dfnahmen der Arbeitsagentur oder des Jobcenters besuchen. Sie alle werden zus\u00e4tzlich zu den arbeitslos gemeldeten Menschen in der Statistik zur Unterbesch\u00e4ftigung erfasst, die die Agentur f\u00fcr Arbeit ebenfalls monatlich ver\u00f6ffentlicht.<\/p>\n<p>Kurzarbeit<\/p>\n<p>Die Zahl der Betriebe aus dem Lauenburgischen, die im September* neu Kurzarbeit angezeigt haben, liegt wie bereits im Vormonat unter drei und wird daher aus Datenschutzgr\u00fcnden statistisch nicht ausgewiesen. Im Juli waren es sechs Anzeigen f\u00fcr 24 Besch\u00e4ftigte.<\/p>\n<p>\u201eEs bleibt dabei, dass es aktuell nur noch vereinzelt neue Anzeigen auf Kurzarbeit gibt. Es ist ein gutes Zeichen, dass sich in den Unternehmen eine R\u00fcckkehr zur Normalit\u00e4t abzeichnet\u201c, sagt die Chefin der Arbeitsagentur. Daten zum tats\u00e4chlichen Umfang der Kurzarbeit im Kreis Herzogtum Lauenburg liegen jetzt f\u00fcr den Monat April vor. \u201eSeinerzeit waren insgesamt 3.669 Besch\u00e4ftigte in 588 Betrieben von einem Arbeitsausfall betroffen. Nach den versch\u00e4rften Lockdown-Regelungen Mitte Dezember ist die Zahl der Unternehmen wie auch die Zahl der Kurzarbeiter im M\u00e4rz und April wieder r\u00fcckl\u00e4ufig gewesen, lag jedoch noch auf einem hohen Niveau. In den beiden ersten Monaten des Jahres lag die Kurzarbeit auf einem H\u00f6chstwert. In bis zu 782 Unternehmen wurde kurzgearbeitet und es waren \u00fcber 4.900 Besch\u00e4ftigte von einem Arbeitsausfall betroffen\u201c, berichtet Wieczorek.<\/p>\n<p>*bis zum 26. September 2021<\/p>\n","protected":false},"excerpt":{"rendered":"<p>Herzogtum Lauenburg (pm). Im August waren im Kreis Herzogtum Lauenburg 5.464 Menschen bei der Agentur f\u00fcr Arbeit Bad Oldesloe arbeitslos gemeldet, gut 160 weniger als im Juli. Ihre Zahl hat jetzt im September nochmals deutlich um 179 abgenommen. Damit sind aktuell 5.285 Menschen arbeitslos. In der Folge ist die Arbeitslosenquote zum Vormonat um 0,1 Prozentpunkt [&hellip;]<\/p>\n","protected":false},"author":2,"featured_media":1206,"comment_status":"open","ping_status":"closed","sticky":false,"template":"","format":"standard","meta":{"jnews-multi-image_gallery":[],"jnews_single_post":[],"jnews_primary_category":[],"jnews_social_meta":[],"jnews_override_counter":[],"jnews_post_split":[],"footnotes":""},"categories":[95,72],"tags":[453,454],"class_list":["post-32592","post","type-post","status-publish","format-standard","has-post-thumbnail","hentry","category-aus-der-region","category-wirtschaft","tag-arbeitslosenquote","tag-arbeitsmarkt"],"_links":{"self":[{"href":"https:\/\/herzogtum-direkt.de\/index.php\/wp-json\/wp\/v2\/posts\/32592","targetHints":{"allow":["GET"]}}],"collection":[{"href":"https:\/\/herzogtum-direkt.de\/index.php\/wp-json\/wp\/v2\/posts"}],"about":[{"href":"https:\/\/herzogtum-direkt.de\/index.php\/wp-json\/wp\/v2\/types\/post"}],"author":[{"embeddable":true,"href":"https:\/\/herzogtum-direkt.de\/index.php\/wp-json\/wp\/v2\/users\/2"}],"replies":[{"embeddable":true,"href":"https:\/\/herzogtum-direkt.de\/index.php\/wp-json\/wp\/v2\/comments?post=32592"}],"version-history":[{"count":1,"href":"https:\/\/herzogtum-direkt.de\/index.php\/wp-json\/wp\/v2\/posts\/32592\/revisions"}],"predecessor-version":[{"id":32593,"href":"https:\/\/herzogtum-direkt.de\/index.php\/wp-json\/wp\/v2\/posts\/32592\/revisions\/32593"}],"wp:featuredmedia":[{"embeddable":true,"href":"https:\/\/herzogtum-direkt.de\/index.php\/wp-json\/wp\/v2\/media\/1206"}],"wp:attachment":[{"href":"https:\/\/herzogtum-direkt.de\/index.php\/wp-json\/wp\/v2\/media?parent=32592"}],"wp:term":[{"taxonomy":"category","embeddable":true,"href":"https:\/\/herzogtum-direkt.de\/index.php\/wp-json\/wp\/v2\/categories?post=32592"},{"taxonomy":"post_tag","embeddable":true,"href":"https:\/\/herzogtum-direkt.de\/index.php\/wp-json\/wp\/v2\/tags?post=32592"}],"curies":[{"name":"wp","href":"https:\/\/api.w.org\/{rel}","templated":true}]}}