{"id":32310,"date":"2021-09-17T11:53:54","date_gmt":"2021-09-17T09:53:54","guid":{"rendered":"https:\/\/herzogtum-direkt.de\/?p=32310"},"modified":"2021-09-17T11:53:54","modified_gmt":"2021-09-17T09:53:54","slug":"neue-selbsthilfegruppe-fuer-juengere-menschen-bei-angsterkrankungen-und-depressionen-in-ratzeburg","status":"publish","type":"post","link":"https:\/\/herzogtum-direkt.de\/index.php\/2021\/09\/17\/neue-selbsthilfegruppe-fuer-juengere-menschen-bei-angsterkrankungen-und-depressionen-in-ratzeburg\/","title":{"rendered":"Neue Selbsthilfegruppe f\u00fcr j\u00fcngere Menschen bei Angsterkrankungen und Depressionen in Ratzeburg"},"content":{"rendered":"<p><strong>Ratzeburg (pm).<\/strong> Die Coronapandemie hat besonders deutlich gezeigt, dass der Bedarf f\u00fcr eine neue Selbsthilfegruppe gro\u00df ist. \u00c4ngste haben zugenommen, bei vielen Betroffenen hat sich bereits eine Angsterkrankung manifestiert. Depressionen mit Antriebslosigkeit und Perspektivlosigkeit sind eine h\u00e4ufige und ernstzunehmende psychische Erkrankung,<br \/>\ndie h\u00e4ufig zur Isolation f\u00fchren kann.<\/p>\n<p>Verst\u00e4ndnis f\u00fcreinander und gegenseitige Unterst\u00fctzung k\u00f6nnen Betroffene in der neuen Selbsthilfegruppe in Ratzeburg finden. Hier werden insbesondere j\u00fcngere Menschen<br \/>\nangesprochen, die gemeinsam aus der Lebenskrise herauskommen m\u00f6chten und einen guten Umgang mit ihrer Erkrankung \u00fcben m\u00f6chten. Der Besuch einer Selbsthilfegruppe ersetzt<br \/>\nallerdings nicht \u00e4rztliche Hilfe und therapeutische Ans\u00e4tze.<\/p>\n<p>Die w\u00f6chentlichen Treffen der neuen Selbsthilfegruppe starten am Mittwoch, 13. Oktober 2021 und finden dann jeden Mittwoch von 19 bis 21 Uhr in den R\u00e4umen des DRK Ortsvereins Ratzeburg, im Bauhof 4b in der Innenstadt von Ratzeburg statt. Interessierte k\u00f6nnen sich gerne vorab bei KIBIS der Selbsthilfeberatungsstelle unter der Telefonnummer 04542- 90 59 250 informieren und erhalten Kontaktdaten von den Initiatoren f\u00fcr die Gruppe.<\/p>\n<p>KIBIS ist telefonisch direkt zu den Sprechzeiten dienstags und mittwochs von 9 bis 13 Uhr und donnerstags von 14 bis 18 Uhr erreichbar oder auch per Email an <a href=\"mailto:kibis-kr-rz@paritaet-sh.org\">kibis-kr-rz@paritaet-sh.org<\/a>.<br \/>\nWeitere Informationen zu Selbsthilfeangeboten erhalten Interessierte auf der Homepage unter<br \/>\n<a href=\"http:\/\/www.kibis-herzogtum-lauenburg.de\" target=\"_blank\" rel=\"noopener\">www.kibis-herzogtum-lauenburg.de<\/a>.<\/p>\n","protected":false},"excerpt":{"rendered":"<p>Ratzeburg (pm). Die Coronapandemie hat besonders deutlich gezeigt, dass der Bedarf f\u00fcr eine neue Selbsthilfegruppe gro\u00df ist. \u00c4ngste haben zugenommen, bei vielen Betroffenen hat sich bereits eine Angsterkrankung manifestiert. Depressionen mit Antriebslosigkeit und Perspektivlosigkeit sind eine h\u00e4ufige und ernstzunehmende psychische Erkrankung, die h\u00e4ufig zur Isolation f\u00fchren kann. Verst\u00e4ndnis f\u00fcreinander und gegenseitige Unterst\u00fctzung k\u00f6nnen Betroffene in [&hellip;]<\/p>\n","protected":false},"author":2,"featured_media":1186,"comment_status":"open","ping_status":"closed","sticky":false,"template":"","format":"standard","meta":{"jnews-multi-image_gallery":[],"jnews_single_post":[],"jnews_primary_category":[],"jnews_social_meta":[],"jnews_override_counter":[],"jnews_post_split":[],"footnotes":""},"categories":[75],"tags":[1689,2631],"class_list":["post-32310","post","type-post","status-publish","format-standard","has-post-thumbnail","hentry","category-gesundheit","tag-angst","tag-depression"],"_links":{"self":[{"href":"https:\/\/herzogtum-direkt.de\/index.php\/wp-json\/wp\/v2\/posts\/32310","targetHints":{"allow":["GET"]}}],"collection":[{"href":"https:\/\/herzogtum-direkt.de\/index.php\/wp-json\/wp\/v2\/posts"}],"about":[{"href":"https:\/\/herzogtum-direkt.de\/index.php\/wp-json\/wp\/v2\/types\/post"}],"author":[{"embeddable":true,"href":"https:\/\/herzogtum-direkt.de\/index.php\/wp-json\/wp\/v2\/users\/2"}],"replies":[{"embeddable":true,"href":"https:\/\/herzogtum-direkt.de\/index.php\/wp-json\/wp\/v2\/comments?post=32310"}],"version-history":[{"count":1,"href":"https:\/\/herzogtum-direkt.de\/index.php\/wp-json\/wp\/v2\/posts\/32310\/revisions"}],"predecessor-version":[{"id":32311,"href":"https:\/\/herzogtum-direkt.de\/index.php\/wp-json\/wp\/v2\/posts\/32310\/revisions\/32311"}],"wp:featuredmedia":[{"embeddable":true,"href":"https:\/\/herzogtum-direkt.de\/index.php\/wp-json\/wp\/v2\/media\/1186"}],"wp:attachment":[{"href":"https:\/\/herzogtum-direkt.de\/index.php\/wp-json\/wp\/v2\/media?parent=32310"}],"wp:term":[{"taxonomy":"category","embeddable":true,"href":"https:\/\/herzogtum-direkt.de\/index.php\/wp-json\/wp\/v2\/categories?post=32310"},{"taxonomy":"post_tag","embeddable":true,"href":"https:\/\/herzogtum-direkt.de\/index.php\/wp-json\/wp\/v2\/tags?post=32310"}],"curies":[{"name":"wp","href":"https:\/\/api.w.org\/{rel}","templated":true}]}}