{"id":32161,"date":"2021-09-11T11:30:52","date_gmt":"2021-09-11T09:30:52","guid":{"rendered":"https:\/\/herzogtum-direkt.de\/?p=32161"},"modified":"2021-09-11T11:31:23","modified_gmt":"2021-09-11T09:31:23","slug":"32161","status":"publish","type":"post","link":"https:\/\/herzogtum-direkt.de\/index.php\/2021\/09\/11\/32161\/","title":{"rendered":"Verdienstorden f\u00fcr Christiane F\u00fcllner"},"content":{"rendered":"<p><strong>Kiel\/Pogeez (pm).<\/strong> Bereits Ende August hat Bundespr\u00e4sident Frank-Walter Steinmeier vier engagierte Menschen aus Schleswig-Holstein mit der Verdienstmedaille des Verdienstordens der Bundesrepublik Deutschland ausgezeichnet. Ministerpr\u00e4sident Daniel G\u00fcnther \u00fcberreicht die Auszeichnungen am Dienstag, 24. August, in Kiel. Geehrt wurden neben Elisabeth Haase (Kiel), Hildegund Hergenhan (Kiel) und Hartmut Trimpler (Holtsee) auch die die Pogeezer B\u00fcrgermeisterin Christiane F\u00fcllner.<\/p>\n<p>Aus der Laudatio:<\/p>\n<p>&#8222;Christiane F\u00fcllner hat sich in der kommunalen Selbstverwaltung als B\u00fcrgermeisterin der Gemeinde Pogeez herausragende Verdienste erworben. Seit \u00fcber drei Jahrzehnten liegen Ihr das Wohl der B\u00fcrgerinnen und B\u00fcrger sowie die Zukunft der Gemeinde sehr am Herzen.<\/p>\n<p>W\u00e4hrend Ihrer Amtszeit konnte sie bedeutende Projekte ansto\u00dfen und umsetzen, unter anderem die kontinuierliche Erschlie\u00dfung von Baugebieten und Schaffung von Wohnraum sowie der Anschluss an das Breitbandnetz und die deutliche Verbesserung sowie Neugestaltung der Ortsdurchfahrt in der Gemeinde Pogeez.<\/p>\n<p>F\u00fcr Christiane F\u00fcllner ist der Brandschutz eine wichtige Aufgabe. Aufgrund des Nachwuchsmangels bei den Freiwilligen Feuerwehren Pogeez, Gro\u00df Disnack und Buchholz setzte sie sich mit Erfolg f\u00fcr eine Fusion der Wehren ein und machte sich f\u00fcr den Neubau eines Feuerwehrger\u00e4tehauses sowie die Anschaffung eines Feuerwehrfahrzeuges stark.<br \/>\nSie war in jungen Jahren auch eine der ersten Frauen in einer Freiwilligen Feuerwehren im Lande.<\/p>\n<p>Daneben ist Christiane F\u00fcllner Verbandsvorsteherin im Gew\u00e4sserentwicklungsverband Stecknitz-Trave und im Kirchengemeinderat der evangelischen-lutherischen Kirchengemeinde St. Georgsberg in Ratzeburg aktiv.<\/p>\n<p>Daneben ist sie Verbandsvorsteherin im Gew\u00e4sserentwicklungsverband Stecknitz-Trave und im Kirchengemeinderat der evangelischen-lutherischen Kirchengemeinde St. Georgsberg in Ratzeburg.&#8220;<\/p>\n<p>Christiane F\u00fcllner erkl\u00e4rte in ihrer Rede: &#8222;Und es ist ja wirklich motivierend und erbauend, wenn man sp\u00fcrt, dass sein ehrenamtliches Engagement positiv wahrgenommen wird. Als ich am Sonntag die Geburtstagsfeier 75 Jahre SH erlebt habe, war ich auch ein wenig stolz, dass ich auch ein kleiner gestaltender Baustein, f\u00fcr unser sch\u00f6nes Land bin. Und das gilt ja mit Sicherheit auch f\u00fcr Sie.<\/p>\n<p>Die heute geehrten Bereiche Soziales- Sport- Kultur- Tierschutz und Kommunalpolitik repr\u00e4sentieren Kernbereiche unserer Gesellschaft, die ohne ehrenamtliches Wirken so nicht m\u00f6glich w\u00e4ren. Leider nehme viele Mitb\u00fcrger das allerdings als Selbstverst\u00e4ndlich hin.<br \/>\nEs geh\u00f6rt leider auch zunehmend zum ehrenamtlichen Alltag, dass man zum Teil sehr grob kritisiert wird, wenn man diese oder jene Einzelinteressen ber\u00fchrt. Das f\u00fchrt auch zu immer mehr Vorbehalten, sich ehrenamtlich zu engagieren.<\/p>\n<p>Es ist meine Erfahrung, dass das ehrenamtliches Wirken nicht nur der Sache dient, oder den Ehrenamtler und die davon Profitierenden erfreuen. Ich erfahre immer wieder, ehrenamtliches Engagement ist auch ein wesentlicher Kristallisationspunkt f\u00fcr soziale Kontakte und damit auch f\u00fcr den wichtigen Zusammenhalt unserer Gesellschaft. Doch leider habe gerade in der letzten Woche auf einer DLRG Versammlung erfahren, dass die Bereitschaft, sich verbindlich zu engagieren, sp\u00fcrbar nachl\u00e4sst.<\/p>\n<p>Deshalb ist es \u00fcber unser eigenes Tun hinaus wichtig, das Ehrenamt zu pflegen, gute Voraussetzungen daf\u00fcr zu sichern und bei allen Gelegenheiten daf\u00fcr zu werben. Herr Ministerpr\u00e4sident, ich will aber auch noch eine Anmerkung aus meinen eigenen T\u00e4tigkeitsfeld anf\u00fcgen. Wir haben in Schleswig-Holstein eine sehr kleinteilige,<br \/>\nja zum Teil sogar filigrane kommunalpolitische Struktur. Im Laufe meiner Amtsjahre hat es immer mal wieder Bestrebungen gegeben, gr\u00f6\u00dfere Einheiten zu schaffen.\u00a0 Zum Gl\u00fcck sind sie gescheitert. Denn wir haben da vor anderen Bundesl\u00e4ndern wirklich ein Juwel.<\/p>\n<p>Nirgendwo sonst ist der Anteil ehrenamtlich engagierter B\u00fcrger so gro\u00df wie in unseren D\u00f6rfern und Gemeinden \u2013 ob in Gemeindevertretungen, Feuerwehren, Sport sowie vielen anderen auch heute angesprochen Bereichen. Und Nirgendwo gibt es so wenig soziale und gesellschaftlich Konflikte, wie hier. Im t\u00e4glichen Alltag vor Ort sp\u00fcren wir, dass wir uns in einer schwierigen gesellschaftspolitischen Situation, im Miteinander der B\u00fcrger befinden. Da sind unserer D\u00f6rfer, da ist der ganze l\u00e4ndliche Raum noch ein wichtiger Stabilit\u00e4tsfaktor.&#8220;<\/p>\n<p>&nbsp;<\/p>\n<p>&nbsp;<\/p>\n","protected":false},"excerpt":{"rendered":"<p>Kiel\/Pogeez (pm). Bereits Ende August hat Bundespr\u00e4sident Frank-Walter Steinmeier vier engagierte Menschen aus Schleswig-Holstein mit der Verdienstmedaille des Verdienstordens der Bundesrepublik Deutschland ausgezeichnet. Ministerpr\u00e4sident Daniel G\u00fcnther \u00fcberreicht die Auszeichnungen am Dienstag, 24. August, in Kiel. Geehrt wurden neben Elisabeth Haase (Kiel), Hildegund Hergenhan (Kiel) und Hartmut Trimpler (Holtsee) auch die die Pogeezer B\u00fcrgermeisterin Christiane F\u00fcllner. [&hellip;]<\/p>\n","protected":false},"author":2,"featured_media":32162,"comment_status":"open","ping_status":"closed","sticky":false,"template":"","format":"standard","meta":{"jnews-multi-image_gallery":[],"jnews_single_post":[],"jnews_primary_category":[],"jnews_social_meta":[],"jnews_override_counter":[],"jnews_post_split":[],"footnotes":""},"categories":[69,73,2],"tags":[3139,1056],"class_list":["post-32161","post","type-post","status-publish","format-standard","has-post-thumbnail","hentry","category-amt-lauenburgische-seen","category-landleute","category-startseite","tag-christiane-fuellner","tag-pogeez"],"_links":{"self":[{"href":"https:\/\/herzogtum-direkt.de\/index.php\/wp-json\/wp\/v2\/posts\/32161","targetHints":{"allow":["GET"]}}],"collection":[{"href":"https:\/\/herzogtum-direkt.de\/index.php\/wp-json\/wp\/v2\/posts"}],"about":[{"href":"https:\/\/herzogtum-direkt.de\/index.php\/wp-json\/wp\/v2\/types\/post"}],"author":[{"embeddable":true,"href":"https:\/\/herzogtum-direkt.de\/index.php\/wp-json\/wp\/v2\/users\/2"}],"replies":[{"embeddable":true,"href":"https:\/\/herzogtum-direkt.de\/index.php\/wp-json\/wp\/v2\/comments?post=32161"}],"version-history":[{"count":2,"href":"https:\/\/herzogtum-direkt.de\/index.php\/wp-json\/wp\/v2\/posts\/32161\/revisions"}],"predecessor-version":[{"id":32164,"href":"https:\/\/herzogtum-direkt.de\/index.php\/wp-json\/wp\/v2\/posts\/32161\/revisions\/32164"}],"wp:featuredmedia":[{"embeddable":true,"href":"https:\/\/herzogtum-direkt.de\/index.php\/wp-json\/wp\/v2\/media\/32162"}],"wp:attachment":[{"href":"https:\/\/herzogtum-direkt.de\/index.php\/wp-json\/wp\/v2\/media?parent=32161"}],"wp:term":[{"taxonomy":"category","embeddable":true,"href":"https:\/\/herzogtum-direkt.de\/index.php\/wp-json\/wp\/v2\/categories?post=32161"},{"taxonomy":"post_tag","embeddable":true,"href":"https:\/\/herzogtum-direkt.de\/index.php\/wp-json\/wp\/v2\/tags?post=32161"}],"curies":[{"name":"wp","href":"https:\/\/api.w.org\/{rel}","templated":true}]}}