{"id":32154,"date":"2021-09-11T10:09:58","date_gmt":"2021-09-11T08:09:58","guid":{"rendered":"https:\/\/herzogtum-direkt.de\/?p=32154"},"modified":"2021-09-13T07:19:37","modified_gmt":"2021-09-13T05:19:37","slug":"verdienstorden-der-bundesrepublik-deutschland-fuer-wolfgang-engelmann","status":"publish","type":"post","link":"https:\/\/herzogtum-direkt.de\/index.php\/2021\/09\/11\/verdienstorden-der-bundesrepublik-deutschland-fuer-wolfgang-engelmann\/","title":{"rendered":"Verdienstorden der Bundesrepublik Deutschland f\u00fcr Wolfgang Engelmann"},"content":{"rendered":"<p><strong>M\u00f6lln (pm).<\/strong> Auf Vorschlag des Ministerpr\u00e4sidenten des Landes Schleswig-Holstein, Daniel G\u00fcnther, hat der Bundespr\u00e4sident, Frank-Walter Steinmeier, Wolfgang Engelmann das Verdienstkreuz am Bande des Verdienstordens der Bundesrepublik Deutschland verliehen. Wolfgang Engelmann hat sich nahezu sechs Jahrzehnte um das Gemeinwohl verdient gemacht und sich insbesondere der jungen Generation angenommen. In den letzten Jahren ist er mit treibende Kraft zahlreicher Projekte der Gemeinschaftsstiftung M\u00f6lln und der Stiftung Herzogtum Lauenburg. Mit seinem au\u00dfergew\u00f6hnlichen Einsatz hat er sich in den letzten zwanzig Jahren in M\u00f6lln und \u00fcber die Stadtgrenzen hinaus gro\u00dfen Respekt und Anerkennung erworben, nachdem er bereits seit 1962 im kirchlichen und im sportlichen Bereich au\u00dferordentlich engagiert war (siehe auch anliegende Aufstellung).<\/p>\n<p>Seit 2009 ist Engelmann Vorsitzender der Gemeinschaftsstiftung M\u00f6lln, deren Ziel es ist, soziale, kulturelle und \u00f6kologische Projekte der Stadt M\u00f6lln anzusto\u00dfen, zu begleiten und zu f\u00f6rdern. Ihm liegt insbesondere die F\u00f6rderung von Vorhaben am Herzen, bei denen junge Menschen ihre sozialen Kompetenzen und Bereitschaft zur \u00dcbernahme von Verantwortung st\u00e4rken. Beispielhaft zu nennen sind der Aktivit\u00e4tstag \u201eKITAlympiade\u201c bei dem alle Vorschulkinder in den Kindertagesst\u00e4tten unter Anleitung von erfahrenen Betreuern ihre Beweglichkeit und Geschicklichkeit beweisen k\u00f6nnen ebenso wie die j\u00e4hrliche Verleihung des Jugendehrenamtspreises, der Anreiz f\u00fcr die junge Generation ist.<\/p>\n<p>Seit 2011 setzt er sich als Vizepr\u00e4sident der Stiftung Herzogtum Lauenburg auch f\u00fcr die F\u00f6rderung und den Erhalt der niederdeutschen Sprache ein. Engelmann ist u.a. Mitorganisator des \u00fcberregional anerkannten niederdeutschen Autorentreffens.<\/p>\n<p>Das gro\u00dfe Politikprojekt \u201eStadtspiel Tillhausen\u201c des Kreisjugendringes Herzogtum Lauenburg bei dem Kinder zehn Tage lang ihre eigene kleine Stadt gestalten wird durch die Gemeinschaftsstiftung mit unterst\u00fctzt. Engelmann ist Ehrenb\u00fcrger dieser Stadt und steht f\u00fcr das Stadtspiel seit seiner Pensionierung 2010 auch als Teamer mit zur Verf\u00fcgung.<\/p>\n<p>Auch die regionale Musiklandschaft hat er durch sein Tun mit gepr\u00e4gt. Mit seinem Einsatz hat sich der \u201eKultursommer am Kanal\u201c zu einem nicht mehr zu missenden j\u00e4hrlichen Event entwickelt. F\u00fcr das \u201eM\u00f6llner Folk(s)fest\u201c hat er sich an vielen Stellen mit eingebracht. Ihm ist es auch mit zu verdanken, dass sich die Fr\u00fchjahrskonzerte des Landesjugendorchesters Schleswig-Holstein im Kreis Herzogtum Lauenburg etablieren konnten.<\/p>\n<p>Durch seine offene und herzliche Art gelingt es Engelmann immer wieder, neue F\u00f6rderer und Sponsoren f\u00fcr Projekte und musikalische Veranstaltungen zu gewinnen. Er wirbt durch sein Vorleben kontinuierlich f\u00fcr weiteres ehrenamtliches Engagement in den entsprechenden Vereinen und Verb\u00e4nden.<\/p>\n<p>Von 1998 bis 2010 war Engelmann hauptamtlicher B\u00fcrgermeister der Stadt M\u00f6lln. Auch in dieser Zeit engagierte er sich ehrenamtlich beispielsweise im St\u00e4dteverband Schleswig-Holstein sowie im Deutschen St\u00e4dte- und Gemeindebund.<\/p>\n","protected":false},"excerpt":{"rendered":"<p>M\u00f6lln (pm). Auf Vorschlag des Ministerpr\u00e4sidenten des Landes Schleswig-Holstein, Daniel G\u00fcnther, hat der Bundespr\u00e4sident, Frank-Walter Steinmeier, Wolfgang Engelmann das Verdienstkreuz am Bande des Verdienstordens der Bundesrepublik Deutschland verliehen. Wolfgang Engelmann hat sich nahezu sechs Jahrzehnte um das Gemeinwohl verdient gemacht und sich insbesondere der jungen Generation angenommen. In den letzten Jahren ist er mit treibende [&hellip;]<\/p>\n","protected":false},"author":2,"featured_media":32155,"comment_status":"open","ping_status":"closed","sticky":false,"template":"","format":"standard","meta":{"jnews-multi-image_gallery":[],"jnews_single_post":[],"jnews_primary_category":[],"jnews_social_meta":[],"jnews_override_counter":[],"jnews_post_split":[],"footnotes":""},"categories":[63,66,2],"tags":[3138],"class_list":["post-32154","post","type-post","status-publish","format-standard","has-post-thumbnail","hentry","category-herzogtum-lauenburg","category-moelln","category-startseite","tag-wolfgang-engelmann"],"_links":{"self":[{"href":"https:\/\/herzogtum-direkt.de\/index.php\/wp-json\/wp\/v2\/posts\/32154","targetHints":{"allow":["GET"]}}],"collection":[{"href":"https:\/\/herzogtum-direkt.de\/index.php\/wp-json\/wp\/v2\/posts"}],"about":[{"href":"https:\/\/herzogtum-direkt.de\/index.php\/wp-json\/wp\/v2\/types\/post"}],"author":[{"embeddable":true,"href":"https:\/\/herzogtum-direkt.de\/index.php\/wp-json\/wp\/v2\/users\/2"}],"replies":[{"embeddable":true,"href":"https:\/\/herzogtum-direkt.de\/index.php\/wp-json\/wp\/v2\/comments?post=32154"}],"version-history":[{"count":1,"href":"https:\/\/herzogtum-direkt.de\/index.php\/wp-json\/wp\/v2\/posts\/32154\/revisions"}],"predecessor-version":[{"id":32156,"href":"https:\/\/herzogtum-direkt.de\/index.php\/wp-json\/wp\/v2\/posts\/32154\/revisions\/32156"}],"wp:featuredmedia":[{"embeddable":true,"href":"https:\/\/herzogtum-direkt.de\/index.php\/wp-json\/wp\/v2\/media\/32155"}],"wp:attachment":[{"href":"https:\/\/herzogtum-direkt.de\/index.php\/wp-json\/wp\/v2\/media?parent=32154"}],"wp:term":[{"taxonomy":"category","embeddable":true,"href":"https:\/\/herzogtum-direkt.de\/index.php\/wp-json\/wp\/v2\/categories?post=32154"},{"taxonomy":"post_tag","embeddable":true,"href":"https:\/\/herzogtum-direkt.de\/index.php\/wp-json\/wp\/v2\/tags?post=32154"}],"curies":[{"name":"wp","href":"https:\/\/api.w.org\/{rel}","templated":true}]}}