{"id":3169,"date":"2018-04-28T06:23:35","date_gmt":"2018-04-28T04:23:35","guid":{"rendered":"https:\/\/herzogtum-direkt.de\/?p=3169"},"modified":"2018-04-27T14:31:14","modified_gmt":"2018-04-27T12:31:14","slug":"kommunalwahl-2018-aufgestellt-fuer-klempau","status":"publish","type":"post","link":"https:\/\/herzogtum-direkt.de\/index.php\/2018\/04\/28\/kommunalwahl-2018-aufgestellt-fuer-klempau\/","title":{"rendered":"Kommunalwahl 2018: Aufgestellt f\u00fcr Klempau"},"content":{"rendered":"<p><strong>Klempau (pm). <\/strong>F\u00fcr die Gemeindewahl am 6. Mai 2018 tritt die Allgemeine Wahlgemeinschaft Klempau (AWK) mit den aktiven Gemeindevertretern Thomas Burmeister, Susanne Rickert, Torsten Rickert sowie mit Michael Solterbeck und Kristof Dohrendorf an. Als unabh\u00e4ngige W\u00e4hlergemeinschaft will die AWK eine b\u00fcrgerorientierte Aufgabenwahrnehmung zur L\u00f6sung der vorhandenen Probleme verfolgen, die durch die Ver\u00e4nderung der Gesellschaft und der wirtschaftlichen Fortentwicklung entstehen.<\/p>\n<p>Im Mittelpunkt der gesamten Kommunalpolitik m\u00fcssen nach Ansicht der AWK grunds\u00e4tzlich die B\u00fcrger stehen. Die soziale Gerechtigkeit sei die St\u00fctze der Gesellschaft und die B\u00fcrgern\u00e4he geniest h\u00f6chste Priorit\u00e4t. Die Mitglieder und Kandidaten der AWK sind keine Berufspolitiker, sondern B\u00fcrger, &#8222;die sich mit Herz und gesundem Menschenverstand in die kommunalpolitische Arbeit&#8220; einbr\u00e4chten. &#8222;Die Vereinigung ist keine Partei und die Mitglieder m\u00fcssen keine parteipolitischen Grundsatzentscheidungen vertreten&#8220;, hei\u00dft es bei der AWK weiter.<\/p>\n<p>Zur Verwirklichung der politischen Ziele sei die Allgemeine Wahlgemeinschaft Klempau immer offen und transparent f\u00fcr eine sachliche Zusammenarbeit mit allen Gremien und zust\u00e4ndigen Verwaltungseinheiten. Es werde themenbezogen gearbeitet und versucht, f\u00fcr die Ideen und Vorstellungen der W\u00e4hler politische Mehrheiten zu finden. &#8222;Nur so kann unser Profil eigenst\u00e4ndig und unabh\u00e4ngig bleiben&#8220;, erkl\u00e4rt die AWK.<\/p>\n","protected":false},"excerpt":{"rendered":"<p>Klempau (pm). F\u00fcr die Gemeindewahl am 6. Mai 2018 tritt die Allgemeine Wahlgemeinschaft Klempau (AWK) mit den aktiven Gemeindevertretern Thomas Burmeister, Susanne Rickert, Torsten Rickert sowie mit Michael Solterbeck und Kristof Dohrendorf an. Als unabh\u00e4ngige W\u00e4hlergemeinschaft will die AWK eine b\u00fcrgerorientierte Aufgabenwahrnehmung zur L\u00f6sung der vorhandenen Probleme verfolgen, die durch die Ver\u00e4nderung der Gesellschaft und [&hellip;]<\/p>\n","protected":false},"author":2,"featured_media":3170,"comment_status":"open","ping_status":"closed","sticky":false,"template":"","format":"standard","meta":{"jnews-multi-image_gallery":[],"jnews_single_post":[],"jnews_primary_category":[],"jnews_social_meta":[],"jnews_override_counter":[],"jnews_post_split":[],"footnotes":""},"categories":[65],"tags":[758,594,757,145],"class_list":["post-3169","post","type-post","status-publish","format-standard","has-post-thumbnail","hentry","category-amt-berkenthin","tag-allgemeine-wahlgemeinschaft-klempau","tag-awk","tag-klempau","tag-kommunalwahl-2018"],"_links":{"self":[{"href":"https:\/\/herzogtum-direkt.de\/index.php\/wp-json\/wp\/v2\/posts\/3169","targetHints":{"allow":["GET"]}}],"collection":[{"href":"https:\/\/herzogtum-direkt.de\/index.php\/wp-json\/wp\/v2\/posts"}],"about":[{"href":"https:\/\/herzogtum-direkt.de\/index.php\/wp-json\/wp\/v2\/types\/post"}],"author":[{"embeddable":true,"href":"https:\/\/herzogtum-direkt.de\/index.php\/wp-json\/wp\/v2\/users\/2"}],"replies":[{"embeddable":true,"href":"https:\/\/herzogtum-direkt.de\/index.php\/wp-json\/wp\/v2\/comments?post=3169"}],"version-history":[{"count":1,"href":"https:\/\/herzogtum-direkt.de\/index.php\/wp-json\/wp\/v2\/posts\/3169\/revisions"}],"predecessor-version":[{"id":3171,"href":"https:\/\/herzogtum-direkt.de\/index.php\/wp-json\/wp\/v2\/posts\/3169\/revisions\/3171"}],"wp:featuredmedia":[{"embeddable":true,"href":"https:\/\/herzogtum-direkt.de\/index.php\/wp-json\/wp\/v2\/media\/3170"}],"wp:attachment":[{"href":"https:\/\/herzogtum-direkt.de\/index.php\/wp-json\/wp\/v2\/media?parent=3169"}],"wp:term":[{"taxonomy":"category","embeddable":true,"href":"https:\/\/herzogtum-direkt.de\/index.php\/wp-json\/wp\/v2\/categories?post=3169"},{"taxonomy":"post_tag","embeddable":true,"href":"https:\/\/herzogtum-direkt.de\/index.php\/wp-json\/wp\/v2\/tags?post=3169"}],"curies":[{"name":"wp","href":"https:\/\/api.w.org\/{rel}","templated":true}]}}