{"id":31026,"date":"2021-07-12T11:55:22","date_gmt":"2021-07-12T09:55:22","guid":{"rendered":"https:\/\/herzogtum-direkt.de\/?p=31026"},"modified":"2021-07-12T11:55:22","modified_gmt":"2021-07-12T09:55:22","slug":"stadtradeln-2021-das-amt-hohe-elbgeest-ist-wieder-mit-dabei","status":"publish","type":"post","link":"https:\/\/herzogtum-direkt.de\/index.php\/2021\/07\/12\/stadtradeln-2021-das-amt-hohe-elbgeest-ist-wieder-mit-dabei\/","title":{"rendered":"&#8218;Stadtradeln&#8216; 2021: Das Amt Hohe Elbgeest ist wieder mit dabei!"},"content":{"rendered":"<p><strong>Dassendorf (pm).<\/strong> Vom 22. August bis zum 11. September hei\u00dft es wieder: \u201eRadfahren und CO2 sparen!\u201c Erneut sind die Bewohner der zehn Amtsgemeinden dazu aufgerufen, innerhalb der drei Aktionswochen so weit wie m\u00f6glich auf das Auto zu verzichten und stattdessen das Fahrrad zu nutzen.<\/p>\n<p>Dieser Devise folgend, nahmen im letzten Jahr insgesamt 123 aktive Radelnde teil und legten im Aktionszeitraum zusammen 20.105 Kilometer zur\u00fcck. Durch die Nichtnutzung des Autos konnten somit etwa 3.000 Kilogramm Kohlendioxid (CO2) eingespart werden. Auf diesen Erfolgen soll in diesem Jahr aufgebaut werden, weshalb das Amt Hohe Elbgeest erneut am &#8218;Stadtradeln&#8216; teilnehmen wird.<\/p>\n<p>Mit dem &#8218;Stadtradeln&#8216; soll der Radverkehr in den Vordergrund gehoben werden. Es sollen m\u00f6glichst viele Menschen f\u00fcr die Nutzung des Fahrrads im Alltag zu gewonnen werden. Ziel des Wettbewerbs ist es, im 21 Tage langen Aktionszeitraum m\u00f6glichst viele Alltagswege klimafreundlich mit dem Fahrrad zur\u00fcckzulegen. Dabei ist es egal, ob es sich um den Weg zur Arbeit, zum Sportverein oder zum B\u00e4cker handelt.<\/p>\n<p>Die verst\u00e4rkte Nutzung des Fahrrads kann einerseits erheblich zur Steigerung der eigenen Gesund beitragen. Andererseits werden durch den Umstieg vom Auto auf das Fahrrad auch gro\u00dfe Mengen an verkehrsbedingten CO2-Emissionen eingespart. Besonders im Bereich der Kurzstrecken bis 20 km ist ein verst\u00e4rkter Einsatz des Fahrrads sinnvoll und kann zur Vermeidung von Millionen Tonnen CO2 beitragen.<\/p>\n<p>Die im Aktionszeitraum geradelten Strecken k\u00f6nnen in einem Online-Radelkalender oder \u00fcber die &#8218;Stadtradeln&#8216;-App erfasst werden. Zudem kann jede und jeder ein &#8218;Stadtradeln&#8216;-Team gr\u00fcnden oder einem bereits bestehenden Team beitreten. Bereits zwei Personen k\u00f6nnen ein Team bilden.<\/p>\n<p>F\u00fcr den Wettbewerbszeitraum sind spannende Aktionen geplant. Beispielsweise nimmt der Kreis Herzogtum Lauenburg innerhalb der zweiten Aktionswoche vom 30. August bis zum 3. September an der Staffelstabsaktion der Metropolregion Hamburg teil. Innerhalb dieser Woche wird ein Tandemfahrrad durch die Gemeinden und St\u00e4dte des Kreises gefahren. An zwei Tagen ist eine Durchfahrung des Amtsgebietes geplant: zun\u00e4chst wird das Tandemfahrrad auf dem Weg zwischen Wentorf bei Hamburg und Schwarzenbek am 30. August auch die Amtsgemeinden B\u00f6rnsen, Kr\u00f6ppelshagen-Fahrendorf und Dassendorf kreuzen.<\/p>\n<p>Dar\u00fcber hinaus wird die abschlie\u00dfende Fahrt von Geesthacht nach Bergedorf am 3. September durch die Gemeinde Escheburg und erneut durch die Gemeinde B\u00f6rnsen f\u00fchren. Auf diesem Weg soll an ausgew\u00e4hlten Stationen der geplante Verlauf des Radschnellwegs zwischen Geesthacht und Bergedorf direkt vor Ort erl\u00e4utert werden. Alle interessierten B\u00fcrgerinnen und B\u00fcrger sind herzlich dazu eingeladen, die Tandemfahrten mit ihren eigenen Fahrr\u00e4dern zu begleiten. N\u00e4here Informationen zur Staffelstabsaktion werden noch kreisweit bekanntgegeben.<\/p>\n<p>Amtsdirektorin Lehmann wird wieder mit ihrem eigenen Fahrrad am &#8218;Stadtradeln&#8216; teilnehmen und hofft auf eine \u00e4hnlich rege Teilnahme am STADTRADELN wie im Vorjahr.<br \/>\nDie Anmeldung zum &#8218;Stadtradeln&#8216; ist unter <a href=\"http:\/\/www.stadtradeln.de\/amt-hohe-elbgeest\" target=\"_blank\" rel=\"noopener\">www.stadtradeln.de\/amt-hohe-elbgeest<\/a> m\u00f6glich.<br \/>\nF\u00fcr R\u00fcckfragen oder weitere Ausk\u00fcnfte k\u00f6nnen Sie sich gerne an den Klimaschutzmanager Nico Wiesmann wenden.<\/p>\n","protected":false},"excerpt":{"rendered":"<p>Dassendorf (pm). Vom 22. August bis zum 11. September hei\u00dft es wieder: \u201eRadfahren und CO2 sparen!\u201c Erneut sind die Bewohner der zehn Amtsgemeinden dazu aufgerufen, innerhalb der drei Aktionswochen so weit wie m\u00f6glich auf das Auto zu verzichten und stattdessen das Fahrrad zu nutzen. Dieser Devise folgend, nahmen im letzten Jahr insgesamt 123 aktive Radelnde [&hellip;]<\/p>\n","protected":false},"author":2,"featured_media":1186,"comment_status":"open","ping_status":"closed","sticky":false,"template":"","format":"standard","meta":{"jnews-multi-image_gallery":[],"jnews_single_post":[],"jnews_primary_category":[],"jnews_social_meta":[],"jnews_override_counter":[],"jnews_post_split":[],"footnotes":""},"categories":[2652,63],"tags":[513,807],"class_list":["post-31026","post","type-post","status-publish","format-standard","has-post-thumbnail","hentry","category-amt-hohe-elbgeest","category-herzogtum-lauenburg","tag-dassendorf","tag-stadtradeln"],"_links":{"self":[{"href":"https:\/\/herzogtum-direkt.de\/index.php\/wp-json\/wp\/v2\/posts\/31026","targetHints":{"allow":["GET"]}}],"collection":[{"href":"https:\/\/herzogtum-direkt.de\/index.php\/wp-json\/wp\/v2\/posts"}],"about":[{"href":"https:\/\/herzogtum-direkt.de\/index.php\/wp-json\/wp\/v2\/types\/post"}],"author":[{"embeddable":true,"href":"https:\/\/herzogtum-direkt.de\/index.php\/wp-json\/wp\/v2\/users\/2"}],"replies":[{"embeddable":true,"href":"https:\/\/herzogtum-direkt.de\/index.php\/wp-json\/wp\/v2\/comments?post=31026"}],"version-history":[{"count":1,"href":"https:\/\/herzogtum-direkt.de\/index.php\/wp-json\/wp\/v2\/posts\/31026\/revisions"}],"predecessor-version":[{"id":31027,"href":"https:\/\/herzogtum-direkt.de\/index.php\/wp-json\/wp\/v2\/posts\/31026\/revisions\/31027"}],"wp:featuredmedia":[{"embeddable":true,"href":"https:\/\/herzogtum-direkt.de\/index.php\/wp-json\/wp\/v2\/media\/1186"}],"wp:attachment":[{"href":"https:\/\/herzogtum-direkt.de\/index.php\/wp-json\/wp\/v2\/media?parent=31026"}],"wp:term":[{"taxonomy":"category","embeddable":true,"href":"https:\/\/herzogtum-direkt.de\/index.php\/wp-json\/wp\/v2\/categories?post=31026"},{"taxonomy":"post_tag","embeddable":true,"href":"https:\/\/herzogtum-direkt.de\/index.php\/wp-json\/wp\/v2\/tags?post=31026"}],"curies":[{"name":"wp","href":"https:\/\/api.w.org\/{rel}","templated":true}]}}