{"id":30774,"date":"2021-06-28T06:57:28","date_gmt":"2021-06-28T04:57:28","guid":{"rendered":"https:\/\/herzogtum-direkt.de\/?p=30774"},"modified":"2021-06-28T06:57:28","modified_gmt":"2021-06-28T04:57:28","slug":"ausgleich-zwischen-laermschutz-und-sportveranstaltungen","status":"publish","type":"post","link":"https:\/\/herzogtum-direkt.de\/index.php\/2021\/06\/28\/ausgleich-zwischen-laermschutz-und-sportveranstaltungen\/","title":{"rendered":"Ausgleich zwischen L\u00e4rmschutz und Sportveranstaltungen"},"content":{"rendered":"<p><strong>Berlin (pm).<\/strong> Sportanlagenl\u00e4rmschutzverordnung verbindlich einen Ausgleich zwischen Anwohnerinteressen und abendlichen Sportveranstaltungen zu regeln. In einer am 25. Juni 2021 gefassten Entschlie\u00dfung bittet er die Bundesregierung, eine rechtssichere L\u00f6sung zu pr\u00fcfen.<\/p>\n<p>Rechtsunsicherheit beseitigen<\/p>\n<p>Der Bundesrat stellt fest, dass im Zusammenhang mit professionellen Sportveranstaltungen, deren regelm\u00e4\u00dfiges Ende in die Zeit nach 22 Uhr f\u00e4llt, ein erhebliches Ma\u00df an Rechtsunsicherheit sowohl bei Sportst\u00e4ttenbetreibern als auch bei Genehmigungsbeh\u00f6rden bestehe: unklar sei, ob diese von der Ausnahmeregelung f\u00fcr \u201eseltene Ereignisse&#8220; nach der Verordnung umfasst sind und daher trotz bestehender L\u00e4rmschutzprobleme durchgef\u00fchrt werden k\u00f6nnen.<\/p>\n<p>Die L\u00e4nder sind der Auffassung, dass aus Gr\u00fcnden der Traditionspflege und des allgemeinen kulturellen Werts von Sportveranstaltungen m\u00f6glichst umgehend Rechtssicherheit zu schaffen ist. Dabei bed\u00fcrfe es eines Ausgleichs der unterschiedlichen Interessen.<\/p>\n<p>Weitere Schritte<\/p>\n<p>Die Entschlie\u00dfung wurde der Bundesregierung zugeleitet. Sie entscheidet, ob sie die Anregung des Bundesrates umsetzt. Feste Fristvorgaben gibt es hierzu allerdings nicht.<\/p>\n","protected":false},"excerpt":{"rendered":"<p>Berlin (pm). Sportanlagenl\u00e4rmschutzverordnung verbindlich einen Ausgleich zwischen Anwohnerinteressen und abendlichen Sportveranstaltungen zu regeln. In einer am 25. Juni 2021 gefassten Entschlie\u00dfung bittet er die Bundesregierung, eine rechtssichere L\u00f6sung zu pr\u00fcfen. Rechtsunsicherheit beseitigen Der Bundesrat stellt fest, dass im Zusammenhang mit professionellen Sportveranstaltungen, deren regelm\u00e4\u00dfiges Ende in die Zeit nach 22 Uhr f\u00e4llt, ein erhebliches Ma\u00df [&hellip;]<\/p>\n","protected":false},"author":2,"featured_media":1186,"comment_status":"open","ping_status":"closed","sticky":false,"template":"","format":"standard","meta":{"jnews-multi-image_gallery":[],"jnews_single_post":[],"jnews_primary_category":[],"jnews_social_meta":[],"jnews_override_counter":[],"jnews_post_split":[],"footnotes":""},"categories":[94,93],"tags":[3088],"class_list":["post-30774","post","type-post","status-publish","format-standard","has-post-thumbnail","hentry","category-deutschland","category-weltweit","tag-sportanlagenlaermschutzverordnung"],"_links":{"self":[{"href":"https:\/\/herzogtum-direkt.de\/index.php\/wp-json\/wp\/v2\/posts\/30774","targetHints":{"allow":["GET"]}}],"collection":[{"href":"https:\/\/herzogtum-direkt.de\/index.php\/wp-json\/wp\/v2\/posts"}],"about":[{"href":"https:\/\/herzogtum-direkt.de\/index.php\/wp-json\/wp\/v2\/types\/post"}],"author":[{"embeddable":true,"href":"https:\/\/herzogtum-direkt.de\/index.php\/wp-json\/wp\/v2\/users\/2"}],"replies":[{"embeddable":true,"href":"https:\/\/herzogtum-direkt.de\/index.php\/wp-json\/wp\/v2\/comments?post=30774"}],"version-history":[{"count":1,"href":"https:\/\/herzogtum-direkt.de\/index.php\/wp-json\/wp\/v2\/posts\/30774\/revisions"}],"predecessor-version":[{"id":30775,"href":"https:\/\/herzogtum-direkt.de\/index.php\/wp-json\/wp\/v2\/posts\/30774\/revisions\/30775"}],"wp:featuredmedia":[{"embeddable":true,"href":"https:\/\/herzogtum-direkt.de\/index.php\/wp-json\/wp\/v2\/media\/1186"}],"wp:attachment":[{"href":"https:\/\/herzogtum-direkt.de\/index.php\/wp-json\/wp\/v2\/media?parent=30774"}],"wp:term":[{"taxonomy":"category","embeddable":true,"href":"https:\/\/herzogtum-direkt.de\/index.php\/wp-json\/wp\/v2\/categories?post=30774"},{"taxonomy":"post_tag","embeddable":true,"href":"https:\/\/herzogtum-direkt.de\/index.php\/wp-json\/wp\/v2\/tags?post=30774"}],"curies":[{"name":"wp","href":"https:\/\/api.w.org\/{rel}","templated":true}]}}