{"id":30559,"date":"2021-06-17T06:04:41","date_gmt":"2021-06-17T04:04:41","guid":{"rendered":"https:\/\/herzogtum-direkt.de\/?p=30559"},"modified":"2021-06-16T21:11:58","modified_gmt":"2021-06-16T19:11:58","slug":"vortrag-organisieren-sie-noch-oder-leben-sie-schon","status":"publish","type":"post","link":"https:\/\/herzogtum-direkt.de\/index.php\/2021\/06\/17\/vortrag-organisieren-sie-noch-oder-leben-sie-schon\/","title":{"rendered":"Vortrag: Organisieren Sie noch oder leben Sie schon?"},"content":{"rendered":"<p><strong>M\u00f6lln (pm).<\/strong> Unsere Tage haben oft nicht die n\u00f6tige Anzahl an Stunden, um alles zu erledigen, was wir schaffen wollen. Daher hat die Wirtschaftliche Vereinigung M\u00f6lln Deutschlands f\u00fchrende Expertin zum Thema Zeitmanagement, Cordula Nussbaum, zum Online-Talk eingeladen.<\/p>\n<p>Am Mittwoch, 30. Juni 2021, um 18.30 Uhr erfahren die Zuh\u00f6rer die besten Tipps und Tricks, um produktiv und gelassen zu agieren. In dem von Joachim Rumohr gef\u00fchrten Gespr\u00e4ch sind Fragen aus dem Publikum jederzeit erw\u00fcnscht.<\/p>\n<p>Die langj\u00e4hrige Wirtschaftsjournalistin, Unternehmerin und 21-fache Buchautorin Cordula Nussbaum inspiriert seit vielen Jahren Millionen Menschen mit ihren Impulsen zum pers\u00f6nlichen Erfolg. Ihr Podcast \u201eKreatives Zeitmanagement&#8220; z\u00e4hlt zu den TOP-Erfolgs-Podcasts. Ihren Blog <a href=\"http:\/\/gluexx-factory.de\" target=\"_blank\" rel=\"noopener\">gluexx-factory.de<\/a> lesen monatlich viele Tausend Besucher. Ihre B\u00fccher erschienen bislang in sechs Sprachen und wurden ins Lufthansa-Bordprogramm aufgenommen.<\/p>\n<p>Weitere Informationen und die M\u00f6glichkeit zur Anmeldung unter <a href=\"http:\/\/www.WV-Moelln.de\/events\" target=\"_blank\" rel=\"noopener\">www.WV-Moelln.de\/events<\/a><\/p>\n","protected":false},"excerpt":{"rendered":"<p>M\u00f6lln (pm). Unsere Tage haben oft nicht die n\u00f6tige Anzahl an Stunden, um alles zu erledigen, was wir schaffen wollen. Daher hat die Wirtschaftliche Vereinigung M\u00f6lln Deutschlands f\u00fchrende Expertin zum Thema Zeitmanagement, Cordula Nussbaum, zum Online-Talk eingeladen. Am Mittwoch, 30. Juni 2021, um 18.30 Uhr erfahren die Zuh\u00f6rer die besten Tipps und Tricks, um produktiv [&hellip;]<\/p>\n","protected":false},"author":2,"featured_media":30560,"comment_status":"open","ping_status":"closed","sticky":false,"template":"","format":"standard","meta":{"jnews-multi-image_gallery":[],"jnews_single_post":[],"jnews_primary_category":[],"jnews_social_meta":[],"jnews_override_counter":[],"jnews_post_split":[],"footnotes":""},"categories":[95,72],"tags":[2013],"class_list":["post-30559","post","type-post","status-publish","format-standard","has-post-thumbnail","hentry","category-aus-der-region","category-wirtschaft","tag-wirtschaftliche-vereinigung-moelln"],"_links":{"self":[{"href":"https:\/\/herzogtum-direkt.de\/index.php\/wp-json\/wp\/v2\/posts\/30559","targetHints":{"allow":["GET"]}}],"collection":[{"href":"https:\/\/herzogtum-direkt.de\/index.php\/wp-json\/wp\/v2\/posts"}],"about":[{"href":"https:\/\/herzogtum-direkt.de\/index.php\/wp-json\/wp\/v2\/types\/post"}],"author":[{"embeddable":true,"href":"https:\/\/herzogtum-direkt.de\/index.php\/wp-json\/wp\/v2\/users\/2"}],"replies":[{"embeddable":true,"href":"https:\/\/herzogtum-direkt.de\/index.php\/wp-json\/wp\/v2\/comments?post=30559"}],"version-history":[{"count":1,"href":"https:\/\/herzogtum-direkt.de\/index.php\/wp-json\/wp\/v2\/posts\/30559\/revisions"}],"predecessor-version":[{"id":30561,"href":"https:\/\/herzogtum-direkt.de\/index.php\/wp-json\/wp\/v2\/posts\/30559\/revisions\/30561"}],"wp:featuredmedia":[{"embeddable":true,"href":"https:\/\/herzogtum-direkt.de\/index.php\/wp-json\/wp\/v2\/media\/30560"}],"wp:attachment":[{"href":"https:\/\/herzogtum-direkt.de\/index.php\/wp-json\/wp\/v2\/media?parent=30559"}],"wp:term":[{"taxonomy":"category","embeddable":true,"href":"https:\/\/herzogtum-direkt.de\/index.php\/wp-json\/wp\/v2\/categories?post=30559"},{"taxonomy":"post_tag","embeddable":true,"href":"https:\/\/herzogtum-direkt.de\/index.php\/wp-json\/wp\/v2\/tags?post=30559"}],"curies":[{"name":"wp","href":"https:\/\/api.w.org\/{rel}","templated":true}]}}