{"id":30550,"date":"2021-06-17T06:44:00","date_gmt":"2021-06-17T04:44:00","guid":{"rendered":"https:\/\/herzogtum-direkt.de\/?p=30550"},"modified":"2021-06-16T20:45:23","modified_gmt":"2021-06-16T18:45:23","slug":"30550","status":"publish","type":"post","link":"https:\/\/herzogtum-direkt.de\/index.php\/2021\/06\/17\/30550\/","title":{"rendered":"Nachfrage nach Fachkr\u00e4ften ist angestiegen"},"content":{"rendered":"<p><strong>Herzogtum Lauenburg (pm).<\/strong> Burkhard Peters (B\u00fcndnis90\/DIe Gr\u00fcnen), Landtagsabgeordneter f\u00fcr den Kreis Herzogtum Lauenburg und L\u00fcbeck traf die neue Leiterin der Arbeitsagentur Bad Oldesloe, Kathleen Wieczorek, im Online-Gespr\u00e4ch, um sich \u00fcber die Situation von Besch\u00e4ftigten und Unternehmen im Kreis Herzogtum Lauenburg nach der langen Zeit der Corona-Epidemie zu informieren. Die Zahl der Arbeitslosen im Kreis Herzogtum Lauenburg stieg 2020 um 17.6 Prozent im Vergleich zu 2019 bei einer Quote von 5,5 Prozent. Am st\u00e4rksten betroffen waren Handel und KFZ-Bereich sowie die Gruppe nicht-deutscher M\u00e4nner unter 25 Jahren.<\/p>\n<p>\u201eGl\u00fccklicherweise ergibt sich aus den aktuellen Trends, dass sich die Lage am Arbeitsmarkt auch f\u00fcr die J\u00fcngeren wieder deutlich verbessert hat. Die Nachfrage nach Fachkr\u00e4ften ist angestiegen und ich bin zuversichtlich, dass wir auf einem guten Weg sind\u201c teilt der Abgeordnete nach dem Gespr\u00e4ch mit. \u201eJetzt m\u00fcssen wir alles daransetzen, dass der \u00dcbergang von Schule zu Ausbildung und Beruf auch in diesem Jahr gut funktioniert. Ausbildungspl\u00e4tze sind in ausreichender Zahl vorhanden, Fachkr\u00e4fte werden weiterhin gesucht!\u201c<\/p>\n<p>Angesichts der hohen Pendlerquote in die Nachbarregionen und nach Hamburg verweist Peters auf die Dringlichkeit einer Mobilit\u00e4tswende, um die Belastungen durch Individualverkehr in den Gemeinden des Kreises zu verringern. Er sieht aber auch gute Chancen f\u00fcr neue Formen digitaler Arbeit, zum Beispiel von CoWorking-Spaces in der Region, weil der Glasfaserausbau in weiten Teilen des Kreises das mobile Arbeiten bereits erm\u00f6glicht. Die Landesregierung arbeite zudem an einem Konzept f\u00fcr kostenloses, freies W-Lan landesweit \u2013 dieses Konzept unterst\u00fctzen die Gr\u00fcnen nachdr\u00fccklich!<\/p>\n<p>Peters lobt abschlie\u00dfend die gute Arbeit der Arbeitsagentur, die durch vorrangige Bearbeitung der Kurzarbeitsantr\u00e4ge eine z\u00fcgige Abwicklung gew\u00e4hrleistete und die Erreichbarkeit der MitarbeiterInnen durchg\u00e4ngig sicherstellte.<\/p>\n","protected":false},"excerpt":{"rendered":"<p>Herzogtum Lauenburg (pm). Burkhard Peters (B\u00fcndnis90\/DIe Gr\u00fcnen), Landtagsabgeordneter f\u00fcr den Kreis Herzogtum Lauenburg und L\u00fcbeck traf die neue Leiterin der Arbeitsagentur Bad Oldesloe, Kathleen Wieczorek, im Online-Gespr\u00e4ch, um sich \u00fcber die Situation von Besch\u00e4ftigten und Unternehmen im Kreis Herzogtum Lauenburg nach der langen Zeit der Corona-Epidemie zu informieren. Die Zahl der Arbeitslosen im Kreis Herzogtum [&hellip;]<\/p>\n","protected":false},"author":2,"featured_media":30551,"comment_status":"open","ping_status":"closed","sticky":false,"template":"","format":"standard","meta":{"jnews-multi-image_gallery":[],"jnews_single_post":[],"jnews_primary_category":[],"jnews_social_meta":[],"jnews_override_counter":[],"jnews_post_split":[],"footnotes":""},"categories":[95,72],"tags":[453],"class_list":["post-30550","post","type-post","status-publish","format-standard","has-post-thumbnail","hentry","category-aus-der-region","category-wirtschaft","tag-arbeitslosenquote"],"_links":{"self":[{"href":"https:\/\/herzogtum-direkt.de\/index.php\/wp-json\/wp\/v2\/posts\/30550","targetHints":{"allow":["GET"]}}],"collection":[{"href":"https:\/\/herzogtum-direkt.de\/index.php\/wp-json\/wp\/v2\/posts"}],"about":[{"href":"https:\/\/herzogtum-direkt.de\/index.php\/wp-json\/wp\/v2\/types\/post"}],"author":[{"embeddable":true,"href":"https:\/\/herzogtum-direkt.de\/index.php\/wp-json\/wp\/v2\/users\/2"}],"replies":[{"embeddable":true,"href":"https:\/\/herzogtum-direkt.de\/index.php\/wp-json\/wp\/v2\/comments?post=30550"}],"version-history":[{"count":3,"href":"https:\/\/herzogtum-direkt.de\/index.php\/wp-json\/wp\/v2\/posts\/30550\/revisions"}],"predecessor-version":[{"id":30554,"href":"https:\/\/herzogtum-direkt.de\/index.php\/wp-json\/wp\/v2\/posts\/30550\/revisions\/30554"}],"wp:featuredmedia":[{"embeddable":true,"href":"https:\/\/herzogtum-direkt.de\/index.php\/wp-json\/wp\/v2\/media\/30551"}],"wp:attachment":[{"href":"https:\/\/herzogtum-direkt.de\/index.php\/wp-json\/wp\/v2\/media?parent=30550"}],"wp:term":[{"taxonomy":"category","embeddable":true,"href":"https:\/\/herzogtum-direkt.de\/index.php\/wp-json\/wp\/v2\/categories?post=30550"},{"taxonomy":"post_tag","embeddable":true,"href":"https:\/\/herzogtum-direkt.de\/index.php\/wp-json\/wp\/v2\/tags?post=30550"}],"curies":[{"name":"wp","href":"https:\/\/api.w.org\/{rel}","templated":true}]}}