{"id":30368,"date":"2021-06-09T07:02:49","date_gmt":"2021-06-09T05:02:49","guid":{"rendered":"https:\/\/herzogtum-direkt.de\/?p=30368"},"modified":"2021-06-09T07:02:49","modified_gmt":"2021-06-09T05:02:49","slug":"buechen-anpassung-des-feuerwehrgeraetehauses-an-die-heutigen-anforderungen","status":"publish","type":"post","link":"https:\/\/herzogtum-direkt.de\/index.php\/2021\/06\/09\/buechen-anpassung-des-feuerwehrgeraetehauses-an-die-heutigen-anforderungen\/","title":{"rendered":"B\u00fcchen: Anpassung des Feuerwehrger\u00e4tehauses an die heutigen Anforderungen"},"content":{"rendered":"<p><strong>B\u00fcchen (pm).<\/strong> \u201eDie Gesundheit der Kameradinnen und Kameraden der Freiwilligen Feuerwehr liegt uns besonders am Herzen\u201c, erkl\u00e4rt Bert M\u00fcller, Ortsverbandsvorsitzender der CDU B\u00fcchen, und erg\u00e4nzt: \u201eHierzu ist eine Erweiterung des Ger\u00e4tehauses sowie eine entsprechende Anpassung mit Schwarz\/Wei\u00df-Trennung zwingend notwendig, um Gesundheitsrisiken bestm\u00f6glich vorzubeugen\u201c.<\/p>\n<p>Durch das Wachstum der Gemeinde und durch die ver\u00e4nderten Anforderungen an Fahrzeuge, Ger\u00e4tschaft und Technik ist eine Erweiterung des bestehenden Ger\u00e4tehauses notwendig geworden. Hierzu geh\u00f6ren neben einem weiteren Stellplatz auch eine Waschhalle f\u00fcr Einsatzfahrzeuge, moderne und gr\u00f6\u00dfere Werkst\u00e4tten, Lagerr\u00e4ume sowie Umkleide- und Sanit\u00e4rr\u00e4umlichkeiten f\u00fcr die Kameradinnen und Kameraden. Die Kosten f\u00fcr die Bauma\u00dfnahmen liegen bei zwei Millionen Euro.<\/p>\n<p>\u201eDie Feuerwehren in B\u00fcchen und B\u00fcchen-Dorf tragen ma\u00dfgeblich zur Sicherheit in unserer Gemeinde bei und leisten gro\u00dfen Einsatz. Die Wehrf\u00fchrung hat die Notwendigkeit der anstehenden Ma\u00dfnahmen dargelegt. Als Gemeinde m\u00fcssen wir nun den ver\u00e4nderten Anforderungen an Einsatzmittel und Gesundheitsschutz Rechnung tragen und unterst\u00fctzen die Pl\u00e4ne f\u00fcr die Erweiterung ausdr\u00fccklich. Wir sparen nicht am Brandschutz und der Sicherheit der Einsatzkr\u00e4fte unser Freiwilligen Feuerwehren\u201c ,fasst der Fraktionsvorsitzende Henning L\u00fcneburg zusammen.<\/p>\n","protected":false},"excerpt":{"rendered":"<p>B\u00fcchen (pm). \u201eDie Gesundheit der Kameradinnen und Kameraden der Freiwilligen Feuerwehr liegt uns besonders am Herzen\u201c, erkl\u00e4rt Bert M\u00fcller, Ortsverbandsvorsitzender der CDU B\u00fcchen, und erg\u00e4nzt: \u201eHierzu ist eine Erweiterung des Ger\u00e4tehauses sowie eine entsprechende Anpassung mit Schwarz\/Wei\u00df-Trennung zwingend notwendig, um Gesundheitsrisiken bestm\u00f6glich vorzubeugen\u201c. Durch das Wachstum der Gemeinde und durch die ver\u00e4nderten Anforderungen an Fahrzeuge, [&hellip;]<\/p>\n","protected":false},"author":2,"featured_media":1186,"comment_status":"open","ping_status":"closed","sticky":false,"template":"","format":"standard","meta":{"jnews-multi-image_gallery":[],"jnews_single_post":[],"jnews_primary_category":[],"jnews_social_meta":[],"jnews_override_counter":[],"jnews_post_split":[],"footnotes":""},"categories":[2650,63],"tags":[141],"class_list":["post-30368","post","type-post","status-publish","format-standard","has-post-thumbnail","hentry","category-buechen","category-herzogtum-lauenburg","tag-buechen"],"_links":{"self":[{"href":"https:\/\/herzogtum-direkt.de\/index.php\/wp-json\/wp\/v2\/posts\/30368","targetHints":{"allow":["GET"]}}],"collection":[{"href":"https:\/\/herzogtum-direkt.de\/index.php\/wp-json\/wp\/v2\/posts"}],"about":[{"href":"https:\/\/herzogtum-direkt.de\/index.php\/wp-json\/wp\/v2\/types\/post"}],"author":[{"embeddable":true,"href":"https:\/\/herzogtum-direkt.de\/index.php\/wp-json\/wp\/v2\/users\/2"}],"replies":[{"embeddable":true,"href":"https:\/\/herzogtum-direkt.de\/index.php\/wp-json\/wp\/v2\/comments?post=30368"}],"version-history":[{"count":1,"href":"https:\/\/herzogtum-direkt.de\/index.php\/wp-json\/wp\/v2\/posts\/30368\/revisions"}],"predecessor-version":[{"id":30369,"href":"https:\/\/herzogtum-direkt.de\/index.php\/wp-json\/wp\/v2\/posts\/30368\/revisions\/30369"}],"wp:featuredmedia":[{"embeddable":true,"href":"https:\/\/herzogtum-direkt.de\/index.php\/wp-json\/wp\/v2\/media\/1186"}],"wp:attachment":[{"href":"https:\/\/herzogtum-direkt.de\/index.php\/wp-json\/wp\/v2\/media?parent=30368"}],"wp:term":[{"taxonomy":"category","embeddable":true,"href":"https:\/\/herzogtum-direkt.de\/index.php\/wp-json\/wp\/v2\/categories?post=30368"},{"taxonomy":"post_tag","embeddable":true,"href":"https:\/\/herzogtum-direkt.de\/index.php\/wp-json\/wp\/v2\/tags?post=30368"}],"curies":[{"name":"wp","href":"https:\/\/api.w.org\/{rel}","templated":true}]}}