{"id":29920,"date":"2021-05-14T06:39:02","date_gmt":"2021-05-14T04:39:02","guid":{"rendered":"https:\/\/herzogtum-direkt.de\/?p=29920"},"modified":"2021-05-13T08:42:57","modified_gmt":"2021-05-13T06:42:57","slug":"umsichtiger-neu-start-in-der-familienbildungsstaette-ratzeburg","status":"publish","type":"post","link":"https:\/\/herzogtum-direkt.de\/index.php\/2021\/05\/14\/umsichtiger-neu-start-in-der-familienbildungsstaette-ratzeburg\/","title":{"rendered":"Umsichtiger Neu-Start in der Familienbildungsst\u00e4tte Ratzeburg"},"content":{"rendered":"<p><strong>Ratzeburg (pm).<\/strong> Die Evangelische Familienbildungsst\u00e4tte Ratzeburg ist seit Beginn der Corona-Pandemie durchg\u00e4ngig erreichbar. Die Mitarbeiterinnen, die Kursleitungen, die Ehrenamtlichen der Projekte wellcome und Familienpaten und des Interkulturellen Caf\u00e9s hielten Kontakt zu allen Familien, die einen Kurs besuchen oder begleitet werden.<\/p>\n<p>Ab sofort werden nun wieder verst\u00e4rkt Kurse im Pr\u00e4senzbetrieb angeboten. Das betrifft vor allem den Eltern-Kind-Bereich, aber auch Outdoor-Sportangebote. So wird es neue Delfi-Kurse in Ratzeburg, M\u00f6lln und Berkenthin geben, bei denen noch der eine oder andere Platz frei ist. Die Waldzwerge in M\u00f6lln und der Zwergenclub in Ratzeburg freuen sich ab Anfang Juni auf Verst\u00e4rkung. Alle Eltern-Kind-Kurse sind zur Zeit auf maximal f\u00fcnf Erwachsene und f\u00fcnf Kinder begrenzt. Es gibt ein umfassendes Hygienekonzept und zus\u00e4tzliche wurden w\u00e4hrend des letzten Lockdowns alle Gruppenr\u00e4ume im Haupthaus in Ratzeburg mit Luftreinigungsger\u00e4ten ausgestattet.<\/p>\n<p>\u201eNat\u00fcrlich haben wir gemerkt, wie sehr uns die Begegnungen und die Kontakte zu Menschen fehlen. Von daher sind wir froh, wieder analoge Veranstaltungen anzubieten\u201c, so Daniela Wenzel, Eltern-Kind-Kurs-Koordinatorin der Einrichtung. \u201eWir haben erst einmal den Fokus auf Familien mit kleinen Kindern gelegt, weil sie die haupts\u00e4chliche Zielgruppe unserer Arbeit sind. Sie mussten im letzten Jahr viel entbehren und die Eltern haben Gro\u00dfartiges geleistet. Von daher ist es sch\u00f6n, sie nun wieder in der Familienbildungsst\u00e4tte begr\u00fc\u00dfen zu k\u00f6nnen.\u201c<\/p>\n<p>Auch im Sportbereich sind viele Kursleitungen aktiv und kreativ gewesen und haben \u00fcber Online-Angebote Kontakt zu ihren Teilnehmenden erhalten. Mit Inkrafttreten der neuen Landesverordnung wird es neben den neuen Sportangeboten \u201eBeweg Dich!\u201c und \u201ePilates goes Walking\u201c in Ratzeburg auch altbew\u00e4hrte Angebote wie \u201eMama-fit outdoor\u201c in Berkenthin oder \u201eMeditatives Wandern\u201c um den K\u00fcchensee geben- alles drau\u00dfen und Corona-konform in Gruppen von h\u00f6chstens zehn Personen.<\/p>\n<p>Die Ehrenamtlichen der Projekte wellcome und Familienpaten standen auch w\u00e4hrend des dritten Lockdowns ihren Familien hilfreich zur Seite. Sie verabredeten sich zum Spazierengehen oder zu \u00e4hnlichen Aktivit\u00e4ten, am liebsten Outdoor, mit den Familien, die sie begleiten. Diese Absprachen wurden individuell getroffen, um die unterschiedlichen Bed\u00fcrfnisse der Familien und der Ehrenamtlichen ber\u00fccksichtigen zu k\u00f6nnen.<\/p>\n<p>Das Interkulturelle Caf\u00e9 wird voraussichtlich ab Juni wieder im Garten der Familienbildungsst\u00e4tte zu Gast sein. Seit Januar konnten sich Frauen und Kinder nur online treffen und vermissen die pers\u00f6nliche Begegnung sehr. \u201eDas Angebot wird vorerst nicht als \u201eoffener Treff\u201c sondern nur nach vorheriger Anmeldung Besucherinnen empfangen, um den Corona-Regeln gen\u00fcge zu tun und die zul\u00e4ssige Zahl der Teilnehmerinnen nicht zu \u00fcberschreiten. Vor allem freuen wir auf das pers\u00f6nliche Wiedersehen alter und Kennenlernen neuer Gesichter!\u201c, so Marion Behrens, Koordinatorin des Angebots.<\/p>\n","protected":false},"excerpt":{"rendered":"<p>Ratzeburg (pm). Die Evangelische Familienbildungsst\u00e4tte Ratzeburg ist seit Beginn der Corona-Pandemie durchg\u00e4ngig erreichbar. Die Mitarbeiterinnen, die Kursleitungen, die Ehrenamtlichen der Projekte wellcome und Familienpaten und des Interkulturellen Caf\u00e9s hielten Kontakt zu allen Familien, die einen Kurs besuchen oder begleitet werden. Ab sofort werden nun wieder verst\u00e4rkt Kurse im Pr\u00e4senzbetrieb angeboten. Das betrifft vor allem den [&hellip;]<\/p>\n","protected":false},"author":2,"featured_media":29921,"comment_status":"open","ping_status":"closed","sticky":false,"template":"","format":"standard","meta":{"jnews-multi-image_gallery":[],"jnews_single_post":[],"jnews_primary_category":[],"jnews_social_meta":[],"jnews_override_counter":[],"jnews_post_split":[],"footnotes":""},"categories":[63,64],"tags":[365],"class_list":["post-29920","post","type-post","status-publish","format-standard","has-post-thumbnail","hentry","category-herzogtum-lauenburg","category-ratzeburg","tag-evangelische-familienbildungsstaette-ratzeburg"],"_links":{"self":[{"href":"https:\/\/herzogtum-direkt.de\/index.php\/wp-json\/wp\/v2\/posts\/29920","targetHints":{"allow":["GET"]}}],"collection":[{"href":"https:\/\/herzogtum-direkt.de\/index.php\/wp-json\/wp\/v2\/posts"}],"about":[{"href":"https:\/\/herzogtum-direkt.de\/index.php\/wp-json\/wp\/v2\/types\/post"}],"author":[{"embeddable":true,"href":"https:\/\/herzogtum-direkt.de\/index.php\/wp-json\/wp\/v2\/users\/2"}],"replies":[{"embeddable":true,"href":"https:\/\/herzogtum-direkt.de\/index.php\/wp-json\/wp\/v2\/comments?post=29920"}],"version-history":[{"count":1,"href":"https:\/\/herzogtum-direkt.de\/index.php\/wp-json\/wp\/v2\/posts\/29920\/revisions"}],"predecessor-version":[{"id":29922,"href":"https:\/\/herzogtum-direkt.de\/index.php\/wp-json\/wp\/v2\/posts\/29920\/revisions\/29922"}],"wp:featuredmedia":[{"embeddable":true,"href":"https:\/\/herzogtum-direkt.de\/index.php\/wp-json\/wp\/v2\/media\/29921"}],"wp:attachment":[{"href":"https:\/\/herzogtum-direkt.de\/index.php\/wp-json\/wp\/v2\/media?parent=29920"}],"wp:term":[{"taxonomy":"category","embeddable":true,"href":"https:\/\/herzogtum-direkt.de\/index.php\/wp-json\/wp\/v2\/categories?post=29920"},{"taxonomy":"post_tag","embeddable":true,"href":"https:\/\/herzogtum-direkt.de\/index.php\/wp-json\/wp\/v2\/tags?post=29920"}],"curies":[{"name":"wp","href":"https:\/\/api.w.org\/{rel}","templated":true}]}}