{"id":29842,"date":"2021-05-09T09:27:07","date_gmt":"2021-05-09T07:27:07","guid":{"rendered":"https:\/\/herzogtum-direkt.de\/?p=29842"},"modified":"2021-05-09T09:27:07","modified_gmt":"2021-05-09T07:27:07","slug":"zum-100-geburtstag-von-sophie-scholl-podcast-ueber-die-weisse-rose","status":"publish","type":"post","link":"https:\/\/herzogtum-direkt.de\/index.php\/2021\/05\/09\/zum-100-geburtstag-von-sophie-scholl-podcast-ueber-die-weisse-rose\/","title":{"rendered":"Zum 100. Geburtstag von Sophie Scholl: Podcast \u00fcber die &#8218;Wei\u00dfe Rose&#8216;"},"content":{"rendered":"<p><strong>Herzogtum Lauenburg (pm).<\/strong> Aus Anlass des 100. Geburtstages von Sophie Scholl widmet die Stiftung Herzogtum Lauenburg das \u201eThema der Woche\u201c auf ihrem Kulturportal der studentischen Widerstandsgruppe Wei\u00dfe Rose und sendet dazu ab Montag, 10 Mai, einen Podcast. Lothar Obst aus M\u00f6lln wird die Studenten der Wei\u00dfen Rose vorstellen und aus ihren beiden letzten Flugbl\u00e4ttern vom Januar und Februar 1943 lesen.<\/p>\n<p>Sophie Scholl wurde am 9. Mai 1921 in Forchtenheim am Kocher geboren und wuchs zusammen mit ihren \u00e4lteren Geschwistern Inge, Hans und Elisabeth sowie den j\u00fcngeren Werner und Mathilde in einem freien, humanistisch und christlich gepr\u00e4gten Elternhaus des klassischen Bildungsb\u00fcrgertums auf. Der Vater Robert, ein liberaler aber parteiloser Demokrat, war B\u00fcrgermeister, die Mutter Magdalena evangelische Diakonisse. Fr\u00fch engagierte sich Sophie im Bund Deutscher M\u00e4del (BDM), wurde Gruppenf\u00fchrerin und feierte zum Entsetzen ihrer Eltern sogar ihre Konfirmation in HJ-Uniform. Doch genauso wie ihr Bruder Hans, der noch 1935 Fahnentr\u00e4ger auf dem NSDAP-Reichsparteitag in N\u00fcrnberg war, entfremdete sich Sophie von ihrer anf\u00e4nglichen Euphorie f\u00fcr das NS-Regime und trat in offene Opposition zum Nationalsozialismus.<\/p>\n<p>Zusammen mit den Medizinstudenten Alexander Schmorell, Willi Graf und Christoph Probst sowie dem Philosophie-Professor Kurt Huber bildeten Hans und Sophie Scholl an der M\u00fcnchner Ludwig-Maximilians-Universit\u00e4t den Kern der Widerstandsgruppe Wei\u00dfe Rose, die von Mai 1942 bis Februar 1943 sechs Flugbl\u00e4tter verfasste und vornehmlich in M\u00fcnchen, Schwaben und \u00d6sterreich verteilte. Alle sechs Mitglieder wurden vom Volksgerichtshof unter seinem ber\u00fcchtigten Pr\u00e4sidenten Roland Freisler zum Tode verurteilt und von den Nationalsozialisten ermordet. Der Beitrag sind ab dem 10. Mai 2021 abrufbar unter <a href=\"http:\/\/www.kulturportal-herzogtum.de\" target=\"_blank\" rel=\"noopener\">www.kulturportal-herzogtum.de<\/a>.<\/p>\n","protected":false},"excerpt":{"rendered":"<p>Herzogtum Lauenburg (pm). Aus Anlass des 100. Geburtstages von Sophie Scholl widmet die Stiftung Herzogtum Lauenburg das \u201eThema der Woche\u201c auf ihrem Kulturportal der studentischen Widerstandsgruppe Wei\u00dfe Rose und sendet dazu ab Montag, 10 Mai, einen Podcast. Lothar Obst aus M\u00f6lln wird die Studenten der Wei\u00dfen Rose vorstellen und aus ihren beiden letzten Flugbl\u00e4ttern vom [&hellip;]<\/p>\n","protected":false},"author":2,"featured_media":29843,"comment_status":"open","ping_status":"closed","sticky":false,"template":"","format":"standard","meta":{"jnews-multi-image_gallery":[],"jnews_single_post":[],"jnews_primary_category":[],"jnews_social_meta":[],"jnews_override_counter":[],"jnews_post_split":[],"footnotes":""},"categories":[70],"tags":[3045],"class_list":["post-29842","post","type-post","status-publish","format-standard","has-post-thumbnail","hentry","category-kultur","tag-sophie-scholl"],"_links":{"self":[{"href":"https:\/\/herzogtum-direkt.de\/index.php\/wp-json\/wp\/v2\/posts\/29842","targetHints":{"allow":["GET"]}}],"collection":[{"href":"https:\/\/herzogtum-direkt.de\/index.php\/wp-json\/wp\/v2\/posts"}],"about":[{"href":"https:\/\/herzogtum-direkt.de\/index.php\/wp-json\/wp\/v2\/types\/post"}],"author":[{"embeddable":true,"href":"https:\/\/herzogtum-direkt.de\/index.php\/wp-json\/wp\/v2\/users\/2"}],"replies":[{"embeddable":true,"href":"https:\/\/herzogtum-direkt.de\/index.php\/wp-json\/wp\/v2\/comments?post=29842"}],"version-history":[{"count":1,"href":"https:\/\/herzogtum-direkt.de\/index.php\/wp-json\/wp\/v2\/posts\/29842\/revisions"}],"predecessor-version":[{"id":29844,"href":"https:\/\/herzogtum-direkt.de\/index.php\/wp-json\/wp\/v2\/posts\/29842\/revisions\/29844"}],"wp:featuredmedia":[{"embeddable":true,"href":"https:\/\/herzogtum-direkt.de\/index.php\/wp-json\/wp\/v2\/media\/29843"}],"wp:attachment":[{"href":"https:\/\/herzogtum-direkt.de\/index.php\/wp-json\/wp\/v2\/media?parent=29842"}],"wp:term":[{"taxonomy":"category","embeddable":true,"href":"https:\/\/herzogtum-direkt.de\/index.php\/wp-json\/wp\/v2\/categories?post=29842"},{"taxonomy":"post_tag","embeddable":true,"href":"https:\/\/herzogtum-direkt.de\/index.php\/wp-json\/wp\/v2\/tags?post=29842"}],"curies":[{"name":"wp","href":"https:\/\/api.w.org\/{rel}","templated":true}]}}