{"id":29673,"date":"2021-04-30T17:38:30","date_gmt":"2021-04-30T15:38:30","guid":{"rendered":"https:\/\/herzogtum-direkt.de\/?p=29673"},"modified":"2021-05-02T11:37:38","modified_gmt":"2021-05-02T09:37:38","slug":"corona-im-kreis-herzogtum-lauenburg-bundesnotbremse-tritt-am-sonntag-ausser-kraft","status":"publish","type":"post","link":"https:\/\/herzogtum-direkt.de\/index.php\/2021\/04\/30\/corona-im-kreis-herzogtum-lauenburg-bundesnotbremse-tritt-am-sonntag-ausser-kraft\/","title":{"rendered":"Corona im Kreis Herzogtum Lauenburg \u2013 &#8218;Bundesnotbremse tritt am Sonntag au\u00dfer Kraft&#8216;"},"content":{"rendered":"<p><strong>Herzogtum Lauenburg (pm).<\/strong> Nachdem die Sieben-Tage-Inzidenz im Kreis Herzogtum Lauenburg am Freitag, 30. April 2021 den f\u00fcnften Werktag in Folge unter dem Grenzwert von 100 lag, konnte Landrat Dr. Christoph Mager die Ma\u00dfnahmen der \u201eBundesnotbremse&#8220; ab Sonntag, 2. Mai au\u00dfer Kraft setzen. Damit hatten Ma\u00dfnahmen wie Ausgangssperre und erweiterte Testpflichten acht Tage Bestand. \u201eIch freue mich, dass die Entwicklung der Infektionszahlen das bereits zu Beginn der Ma\u00dfnahmen angek\u00fcndigte, fr\u00fchestm\u00f6gliche Ende der \u201eBundesnotbremse&#8220; im Kreis Herzogtum Lauenburg zugelassen hat,&#8220; erkl\u00e4rte Mager am Freitag. Bereits seit dem 14. April galten im Kreis versch\u00e4rfte Ma\u00dfnahmen, durch die Notbremse des Bundes kam neben Details bei \u00d6ffnungsfragen im Wesentlichen die Ausgangssperre hinzu, die ab Sonntag nun wieder entf\u00e4llt.<\/p>\n<p>F\u00fcr den Kreis Herzogtum Lauenburg gelten ab Sonntag wieder die Regelungen aus der Landes-Corona-Bek\u00e4mpfungsverordnung sowie die Regelungen des Landeserlasses f\u00fcr Kreise mit einer 7-Tage-Inzidenz \u00fcber 50, die der Kreis in seiner 69. Allgemeinverf\u00fcgung zu SARS-CoV-2 umgesetzt und unter www.kreis-rz.de\/bekanntmachungen ver\u00f6ffentlicht hat.<\/p>\n<p>Die wesentlichen \u00c4nderungen ab Sonntag, 2. Mai 2021:<\/p>\n<p><strong>Kontaktbeschr\u00e4nkungen<\/strong><\/p>\n<p>Treffen von Personen aus zwei Haushalten mit insgesamt 5 Personen, Kinder unter 14 z\u00e4hlen nicht mit, sind wieder m\u00f6glich.<\/p>\n<p><strong>Testpflicht<\/strong><\/p>\n<p>Die Testpflicht f\u00fcr die Inanspruchnahme k\u00f6rpernaher Dienstleistungen, wie Friseur oder Fu\u00dfpflege, sowie beim Einkauf und in Tierparks entf\u00e4llt.<\/p>\n<p><strong>Au\u00dfengastronomie<\/strong><\/p>\n<p>Die Au\u00dfengastronomie kann wieder f\u00fcr Kundinnen und Kunden mit Terminreservierung \u00f6ffnen.<\/p>\n<p><strong>K\u00f6rpernahe Dienstleistungen<\/strong><\/p>\n<p>K\u00f6rpernahe Dienstleistungen sind mit Hygienekonzept wieder m\u00f6glich. Das Prostitutionsgewerbe bleibt untersagt.<\/p>\n<p><strong>Freizeit und Kultur<\/strong><\/p>\n<p>Museen, Gedenkst\u00e4tten, Bibliotheken, Archive, Botanische G\u00e4rten, Tierparks, Wildparks, Aquarien, Zoos, Angelteiche, Strandkorbvermietung und Sonnenstudios k\u00f6nnen wieder \u00f6ffnen. Die Betreiber m\u00fcssen Kontaktdaten erfassen.<\/p>\n<p><strong>Sport<\/strong><\/p>\n<p>Kontaktloser Sport in Gruppen bis zu zehn Personen ist wieder erlaubt. Die Gruppengr\u00f6\u00dfe f\u00fcr Kindersportgruppen wird auf 20 Kinder mit bis zu zwei \u00dcbungsleitern erh\u00f6ht. Die Testpflicht f\u00fcr \u00dcbungsleiter entf\u00e4llt.<\/p>\n<p><strong>Einzelhandel<\/strong><\/p>\n<p>Der Einzelhandel kann wieder \u00f6ffnen, die Kontaktdaten und Besuchszeiten der Kundinnen und Kunden m\u00fcssen erfasst werden. Dies kann auch elektronisch erfolgen. Die Pflicht zur Kontaktdatenerfassung gilt nicht f\u00fcr Lebens- und Futtermittelangebote, Wochenm\u00e4rkte, Getr\u00e4nkem\u00e4rkte, Apotheken, Sanit\u00e4tsh\u00e4user, Drogerien, Tankstellen, Poststellen, Reformh\u00e4user, Babyfachm\u00e4rkte, Zeitungsverkauf, Tierbedarfsm\u00e4rkte, Blumenl\u00e4den, G\u00e4rtnereien, Gartenbaucenter, Baum\u00e4rkte, Buchl\u00e4den sowie Lebensmittelausgabestellen (Tafeln). Die Anzahl der Kundinnen und Kunden ist nach den Vorgaben der Corona-Bek\u00e4mpfungsverordnung weiterhin begrenzt.<\/p>\n<p><strong>Kitas<\/strong><\/p>\n<p>Kitas starten ab Montag, 3. Mai 2021 wieder in den eingeschr\u00e4nkten Regelbetrieb. Eine Betreuung ist damit f\u00fcr folgende Kinder m\u00f6glich:<\/p>\n<p>\u00b7 Kinder mit besonderem Schutzbedarf<\/p>\n<p>\u00b7 Kinder von Mitarbeitenden aus kritischer Infrastruktur, wenn ein Elternteil dazugeh\u00f6rt und keine Alternativbetreuung vorhanden ist<\/p>\n<p>\u00b7 Kinder von berufst\u00e4tigen Alleinerziehenden, wenn keine Alternativbetreuung vorhanden ist<\/p>\n<p>\u00b7 Kinder von berufst\u00e4tigen Eltern unabh\u00e4ngig von einer KRITIS-Zugeh\u00f6rigkeit, wenn beide Eltern berufst\u00e4tig sind und keine Alternativbetreuung vorhanden ist<\/p>\n<p>\u00b7 Kinder mit t\u00e4glichem hohen Pflege- und Betreuungsaufwand und\/oder heilp\u00e4dagogischem F\u00f6rderbedarf<\/p>\n<p>\u00b7 Kinder mit Sprachf\u00f6rderbedarf bei geringen Deutschkenntnissen<\/p>\n<p>\u00b7 Kinder, die im Schuljahr 2021\/2022 eingeschult werden.<\/p>\n<p>Dennoch gilt weiterhin der Appell an die Eltern, so oft wie m\u00f6glich ihre Kinder zu Hause zu betreuen.<\/p>\n<p><strong>Schulen<\/strong><\/p>\n<p>Die Schulen im Kreis starten ab Montag, 3. Mai 2021 in allen Klassenstufen in den Wechselunterricht. Ausgenommen sind die Abschlussklassen und Qualifikationskurse. F\u00fcr sie gilt weiterhin Pr\u00e4senzunterricht.<\/p>\n<p>Die aktuellen Infektionszahlen bereiten jedoch Anlass zur Sorge: \u201eAuch, wenn wir die 100er-Marke nun f\u00fcnf Werktage lang unterschritten haben, viel Luft nach oben haben wir nicht,&#8220; mahnt der Landrat. Die Zahl der gemeldeten Neuinfektionen am Freitag ergibt einen Inzidenzwert am Samstag von 81,8 Neuinfektionen je 100.000 Einwohnern in sieben Tagen. \u201eDie 100 ist ganz schnell wieder erreicht, wenn man sich jetzt nicht mehr vern\u00fcnftig verh\u00e4lt. Eine erneute Ausgangssperre und Schul- und Kitaschlie\u00dfungen will vermutlich niemand. Die jetzt wiedergewonnenen Freiheiten sollten wir nicht leichtfertig aufs Spiel setzen&#8220;<\/p>\n<p><strong>Aktuelle Corona-Lage im Kreis Herzogtum Lauenburg<\/strong><\/p>\n<p>Mit Stand von Freitag, 30. April 2021, 16.30 Uhr z\u00e4hlte das Kreisgesundheitsamt insgesamt 4.704 labordiagnostisch best\u00e4tigte Infektionen mit SARS-CoV-2 und damit 35 mehr als am Vortag. 3.908 Personen gelten zwischenzeitlich wieder als genesen, 105 Personen verstarben aufgrund ihrer Covid-19-Erkrankung.<\/p>\n<p>Alle aktuellen Informationen zu Corona im Kreis Herzogtum Lauenburg unter <a href=\"http:\/\/www.kreis-rz.de\/corona\" target=\"_blank\" rel=\"noopener\">www.kreis-rz.de\/corona<\/a>.<\/p>\n","protected":false},"excerpt":{"rendered":"<p>Herzogtum Lauenburg (pm). Nachdem die Sieben-Tage-Inzidenz im Kreis Herzogtum Lauenburg am Freitag, 30. April 2021 den f\u00fcnften Werktag in Folge unter dem Grenzwert von 100 lag, konnte Landrat Dr. Christoph Mager die Ma\u00dfnahmen der \u201eBundesnotbremse&#8220; ab Sonntag, 2. Mai au\u00dfer Kraft setzen. Damit hatten Ma\u00dfnahmen wie Ausgangssperre und erweiterte Testpflichten acht Tage Bestand. \u201eIch freue [&hellip;]<\/p>\n","protected":false},"author":2,"featured_media":29674,"comment_status":"open","ping_status":"closed","sticky":false,"template":"","format":"standard","meta":{"jnews-multi-image_gallery":[],"jnews_single_post":[],"jnews_primary_category":[],"jnews_social_meta":[],"jnews_override_counter":[],"jnews_post_split":[],"footnotes":""},"categories":[65,68,2652,69,67,2650,2625,63,2626,66,64,2646,2],"tags":[3032,2630,2666,2971,3031],"class_list":["post-29673","post","type-post","status-publish","format-standard","has-post-thumbnail","hentry","category-amt-berkenthin","category-amt-breitenfelde","category-amt-hohe-elbgeest","category-amt-lauenburgische-seen","category-amt-sandesneben-nusse","category-buechen","category-geesthacht","category-herzogtum-lauenburg","category-lauenburg","category-moelln","category-ratzeburg","category-schwarzenbek","category-startseite","tag-bundesnotbremse","tag-corona","tag-covid-19","tag-lockdown","tag-notbremse"],"_links":{"self":[{"href":"https:\/\/herzogtum-direkt.de\/index.php\/wp-json\/wp\/v2\/posts\/29673","targetHints":{"allow":["GET"]}}],"collection":[{"href":"https:\/\/herzogtum-direkt.de\/index.php\/wp-json\/wp\/v2\/posts"}],"about":[{"href":"https:\/\/herzogtum-direkt.de\/index.php\/wp-json\/wp\/v2\/types\/post"}],"author":[{"embeddable":true,"href":"https:\/\/herzogtum-direkt.de\/index.php\/wp-json\/wp\/v2\/users\/2"}],"replies":[{"embeddable":true,"href":"https:\/\/herzogtum-direkt.de\/index.php\/wp-json\/wp\/v2\/comments?post=29673"}],"version-history":[{"count":2,"href":"https:\/\/herzogtum-direkt.de\/index.php\/wp-json\/wp\/v2\/posts\/29673\/revisions"}],"predecessor-version":[{"id":29684,"href":"https:\/\/herzogtum-direkt.de\/index.php\/wp-json\/wp\/v2\/posts\/29673\/revisions\/29684"}],"wp:featuredmedia":[{"embeddable":true,"href":"https:\/\/herzogtum-direkt.de\/index.php\/wp-json\/wp\/v2\/media\/29674"}],"wp:attachment":[{"href":"https:\/\/herzogtum-direkt.de\/index.php\/wp-json\/wp\/v2\/media?parent=29673"}],"wp:term":[{"taxonomy":"category","embeddable":true,"href":"https:\/\/herzogtum-direkt.de\/index.php\/wp-json\/wp\/v2\/categories?post=29673"},{"taxonomy":"post_tag","embeddable":true,"href":"https:\/\/herzogtum-direkt.de\/index.php\/wp-json\/wp\/v2\/tags?post=29673"}],"curies":[{"name":"wp","href":"https:\/\/api.w.org\/{rel}","templated":true}]}}