{"id":29659,"date":"2021-04-30T13:07:36","date_gmt":"2021-04-30T11:07:36","guid":{"rendered":"https:\/\/herzogtum-direkt.de\/?p=29659"},"modified":"2021-04-30T13:07:36","modified_gmt":"2021-04-30T11:07:36","slug":"mitglieder-der-a-paul-weber-gesellschaft-trafen-sich-zur-video-konferenz","status":"publish","type":"post","link":"https:\/\/herzogtum-direkt.de\/index.php\/2021\/04\/30\/mitglieder-der-a-paul-weber-gesellschaft-trafen-sich-zur-video-konferenz\/","title":{"rendered":"Mitglieder der A. Paul Weber-Gesellschaft trafen sich zur Video-Konferenz"},"content":{"rendered":"<p><strong>Ratzeburg (pm).<\/strong> Da pandemiebedingt immer noch keine Pr\u00e4senzveranstaltungen m\u00f6glich sind, hatte die A. Paul Weber-Gesellschaft nach dem sch\u00f6nen Erfolg der ersten Online-Konferenz im November vergangenen Jahres ihre Mitglieder zu einer zweiten Video-Konferenz eingeladen. Das Thema lautete: \u201eA. Paul Weber: aktueller denn je &#8211; ausgew\u00e4hlte Lithographien im Bezug zum Zeitgeschehen&#8220;.<\/p>\n<p>40 Mitglieder aus allen Teilen Deutschlands nahmen an dieser Veranstaltung teil. 9 von Ihnen stellten eine Lithographie oder Zeichnung des K\u00fcnstlers vor. Die ausgew\u00e4hlten Bilder boten Spielr\u00e4ume f\u00fcr pers\u00f6nliche und gesellschaftliche Betrachtungen und Interpretationen, die den Zuh\u00f6rern neue Sichtweisen auf Webers Werke er\u00f6ffneten.<\/p>\n<p>&#8211;<\/p>\n","protected":false},"excerpt":{"rendered":"<p>Ratzeburg (pm). Da pandemiebedingt immer noch keine Pr\u00e4senzveranstaltungen m\u00f6glich sind, hatte die A. Paul Weber-Gesellschaft nach dem sch\u00f6nen Erfolg der ersten Online-Konferenz im November vergangenen Jahres ihre Mitglieder zu einer zweiten Video-Konferenz eingeladen. Das Thema lautete: \u201eA. Paul Weber: aktueller denn je &#8211; ausgew\u00e4hlte Lithographien im Bezug zum Zeitgeschehen&#8220;. 40 Mitglieder aus allen Teilen Deutschlands [&hellip;]<\/p>\n","protected":false},"author":2,"featured_media":29660,"comment_status":"open","ping_status":"closed","sticky":false,"template":"","format":"standard","meta":{"jnews-multi-image_gallery":[],"jnews_single_post":[],"jnews_primary_category":[],"jnews_social_meta":[],"jnews_override_counter":[],"jnews_post_split":[],"footnotes":""},"categories":[70],"tags":[1075],"class_list":["post-29659","post","type-post","status-publish","format-standard","has-post-thumbnail","hentry","category-kultur","tag-a-paul-weber-gesellschaft"],"_links":{"self":[{"href":"https:\/\/herzogtum-direkt.de\/index.php\/wp-json\/wp\/v2\/posts\/29659","targetHints":{"allow":["GET"]}}],"collection":[{"href":"https:\/\/herzogtum-direkt.de\/index.php\/wp-json\/wp\/v2\/posts"}],"about":[{"href":"https:\/\/herzogtum-direkt.de\/index.php\/wp-json\/wp\/v2\/types\/post"}],"author":[{"embeddable":true,"href":"https:\/\/herzogtum-direkt.de\/index.php\/wp-json\/wp\/v2\/users\/2"}],"replies":[{"embeddable":true,"href":"https:\/\/herzogtum-direkt.de\/index.php\/wp-json\/wp\/v2\/comments?post=29659"}],"version-history":[{"count":1,"href":"https:\/\/herzogtum-direkt.de\/index.php\/wp-json\/wp\/v2\/posts\/29659\/revisions"}],"predecessor-version":[{"id":29661,"href":"https:\/\/herzogtum-direkt.de\/index.php\/wp-json\/wp\/v2\/posts\/29659\/revisions\/29661"}],"wp:featuredmedia":[{"embeddable":true,"href":"https:\/\/herzogtum-direkt.de\/index.php\/wp-json\/wp\/v2\/media\/29660"}],"wp:attachment":[{"href":"https:\/\/herzogtum-direkt.de\/index.php\/wp-json\/wp\/v2\/media?parent=29659"}],"wp:term":[{"taxonomy":"category","embeddable":true,"href":"https:\/\/herzogtum-direkt.de\/index.php\/wp-json\/wp\/v2\/categories?post=29659"},{"taxonomy":"post_tag","embeddable":true,"href":"https:\/\/herzogtum-direkt.de\/index.php\/wp-json\/wp\/v2\/tags?post=29659"}],"curies":[{"name":"wp","href":"https:\/\/api.w.org\/{rel}","templated":true}]}}