{"id":29458,"date":"2021-04-19T09:01:32","date_gmt":"2021-04-19T07:01:32","guid":{"rendered":"https:\/\/herzogtum-direkt.de\/?p=29458"},"modified":"2021-04-19T09:01:32","modified_gmt":"2021-04-19T07:01:32","slug":"spd-setzt-sich-fuer-unterstuetzung-im-kulturbereich-ein","status":"publish","type":"post","link":"https:\/\/herzogtum-direkt.de\/index.php\/2021\/04\/19\/spd-setzt-sich-fuer-unterstuetzung-im-kulturbereich-ein\/","title":{"rendered":"SPD setzt sich f\u00fcr Unterst\u00fctzung im Kulturbereich ein"},"content":{"rendered":"<p><strong>Herzogtum Lauenburg (pm).<\/strong> Wie seit Kurzem bekannt ist, stellt die Kulturstiftung des Bundes ein Unterst\u00fctzungs-Paket von insgesamt 30,5 Millionen Euro zur Verf\u00fcgung. In dem Programm geht es darum, coronabedingte Ausf\u00e4lle von Veranstaltungen in der Kulturszene abzufedern.<\/p>\n<p>Hierzu Gitta Neemann-G\u00fcntner, kulturpolitische Sprecherin der SPD-Kreistagsfraktion: \u201e In den vergangenen Wochen war ich in regem Austausch mit einigen Kulturschaffenden des Kreises, die sofort Interesse an dem Bundesprogramm signalisiert haben. Die Auflagen, wie z.B. ein stimmiges Hygiene- Konzept, stellen f\u00fcr unsere Aktiven keine H\u00fcrde da und es stimmt mich sehr froh, dass adhoc scheinbar \u00fcber 30 Kulturveranstaltungen und Konzerte zentral bei unserer Kulturstiftung eingereicht wurden, um den Antrag in dieser Woche zu stellen. Vielen Dank an alle Akteure f\u00fcr dieses Engagement, es macht deutlich, wie gut und kreativ unser Kreis aufgestellt ist. Nach wie vor ist Kultur das Salz in der Suppe, und bereichert unser Leben um Vieles.\u201c Die Bundesmittel werden zu 80 Prozent die Veranstaltungskosten decken, der Restbetrag soll als Eigenanteil erbracht werden, schwierig in der aktuellen Lage.<\/p>\n<p>Der SPD-Fraktionsvorsitzende Jens Meyer: \u201eAls Mitglied im Haupt- und Innenausschuss des Kreises, der erst am 27.April tagt, also nach dem Ende der Antragsfrist am 22. April, werde ich mich daf\u00fcr einsetzen, dass die noch fehlenden Finanzen vollumf\u00e4nglich vom Kreis zur Verf\u00fcgung gestellt werden, es geht um rund 30.000 Euro. Ich bin selbst Musiker und kenne die Kulturszene des Kreises gut. Diese Chance muss genutzt werden! Die SPD-Kreistagsfraktion wird am Montag versuchen, vorab ein positives Votum von allen Fraktionen zu bekommen, um die Antragstellung nicht zu gef\u00e4hrden.\u201c<\/p>\n","protected":false},"excerpt":{"rendered":"<p>Herzogtum Lauenburg (pm). Wie seit Kurzem bekannt ist, stellt die Kulturstiftung des Bundes ein Unterst\u00fctzungs-Paket von insgesamt 30,5 Millionen Euro zur Verf\u00fcgung. In dem Programm geht es darum, coronabedingte Ausf\u00e4lle von Veranstaltungen in der Kulturszene abzufedern. Hierzu Gitta Neemann-G\u00fcntner, kulturpolitische Sprecherin der SPD-Kreistagsfraktion: \u201e In den vergangenen Wochen war ich in regem Austausch mit einigen [&hellip;]<\/p>\n","protected":false},"author":2,"featured_media":0,"comment_status":"open","ping_status":"closed","sticky":false,"template":"","format":"standard","meta":{"jnews-multi-image_gallery":[],"jnews_single_post":[],"jnews_primary_category":[],"jnews_social_meta":[],"jnews_override_counter":[],"jnews_post_split":[],"footnotes":""},"categories":[63,70],"tags":[1226],"class_list":["post-29458","post","type-post","status-publish","format-standard","hentry","category-herzogtum-lauenburg","category-kultur","tag-kultur"],"_links":{"self":[{"href":"https:\/\/herzogtum-direkt.de\/index.php\/wp-json\/wp\/v2\/posts\/29458","targetHints":{"allow":["GET"]}}],"collection":[{"href":"https:\/\/herzogtum-direkt.de\/index.php\/wp-json\/wp\/v2\/posts"}],"about":[{"href":"https:\/\/herzogtum-direkt.de\/index.php\/wp-json\/wp\/v2\/types\/post"}],"author":[{"embeddable":true,"href":"https:\/\/herzogtum-direkt.de\/index.php\/wp-json\/wp\/v2\/users\/2"}],"replies":[{"embeddable":true,"href":"https:\/\/herzogtum-direkt.de\/index.php\/wp-json\/wp\/v2\/comments?post=29458"}],"version-history":[{"count":1,"href":"https:\/\/herzogtum-direkt.de\/index.php\/wp-json\/wp\/v2\/posts\/29458\/revisions"}],"predecessor-version":[{"id":29459,"href":"https:\/\/herzogtum-direkt.de\/index.php\/wp-json\/wp\/v2\/posts\/29458\/revisions\/29459"}],"wp:attachment":[{"href":"https:\/\/herzogtum-direkt.de\/index.php\/wp-json\/wp\/v2\/media?parent=29458"}],"wp:term":[{"taxonomy":"category","embeddable":true,"href":"https:\/\/herzogtum-direkt.de\/index.php\/wp-json\/wp\/v2\/categories?post=29458"},{"taxonomy":"post_tag","embeddable":true,"href":"https:\/\/herzogtum-direkt.de\/index.php\/wp-json\/wp\/v2\/tags?post=29458"}],"curies":[{"name":"wp","href":"https:\/\/api.w.org\/{rel}","templated":true}]}}