{"id":29236,"date":"2021-04-03T06:27:58","date_gmt":"2021-04-03T04:27:58","guid":{"rendered":"https:\/\/herzogtum-direkt.de\/?p=29236"},"modified":"2021-04-02T14:28:49","modified_gmt":"2021-04-02T12:28:49","slug":"osternacht-im-ratzeburger-dom","status":"publish","type":"post","link":"https:\/\/herzogtum-direkt.de\/index.php\/2021\/04\/03\/osternacht-im-ratzeburger-dom\/","title":{"rendered":"Osternacht im Ratzeburger Dom"},"content":{"rendered":"<p><strong>Ratzeburg (pm).<\/strong> Das Osterfest ist in vielen Kirchen nicht ohne die Feier der Osternacht denkbar. W\u00e4hrend im Verlauf der \u00f6sterlichen Liturgie im Dunkel der Kirche nach und nach Kerzen entz\u00fcndet werden, k\u00fcndet auch das durch die Fenster hereinfallende Licht des Sonnenaufgangs von der Freude der Auferstehung Christi.<\/p>\n<p>Die Ratzeburger Domkirchengemeinde hat sich entschlossen, in diesem Jahr auf die Osternacht zu verzichten. Stattdessen wir die Feier am Gr\u00fcndonnerstag in der Fr\u00fche in Ton und Bild aufgezeichnet und ist am Ostersonntag, 4. April 2021, ab 6 Uhr auf youtube beziehungsweise <a href=\"http:\/\/www.ratzeburgerdom.de\" target=\"_blank\" rel=\"noopener\">www.ratzeburgerdom.de<\/a> erlebbar.<\/p>\n<p>Neben Domprobst Gert-Axel Reu\u00df wirken die Rektorin des Ratzeburger Pastoralkollegs, Pastorin Anne Gidion, Tim Karweick (Tenor) und eine Schola sowie Domorganist Christian Skobowsky mit.<\/p>\n","protected":false},"excerpt":{"rendered":"<p>Ratzeburg (pm). Das Osterfest ist in vielen Kirchen nicht ohne die Feier der Osternacht denkbar. W\u00e4hrend im Verlauf der \u00f6sterlichen Liturgie im Dunkel der Kirche nach und nach Kerzen entz\u00fcndet werden, k\u00fcndet auch das durch die Fenster hereinfallende Licht des Sonnenaufgangs von der Freude der Auferstehung Christi. Die Ratzeburger Domkirchengemeinde hat sich entschlossen, in diesem [&hellip;]<\/p>\n","protected":false},"author":2,"featured_media":29237,"comment_status":"open","ping_status":"closed","sticky":false,"template":"","format":"standard","meta":{"jnews-multi-image_gallery":[],"jnews_single_post":[],"jnews_primary_category":[],"jnews_social_meta":[],"jnews_override_counter":[],"jnews_post_split":[],"footnotes":""},"categories":[70],"tags":[664],"class_list":["post-29236","post","type-post","status-publish","format-standard","has-post-thumbnail","hentry","category-kultur","tag-ratzeburger-dommusiken"],"_links":{"self":[{"href":"https:\/\/herzogtum-direkt.de\/index.php\/wp-json\/wp\/v2\/posts\/29236","targetHints":{"allow":["GET"]}}],"collection":[{"href":"https:\/\/herzogtum-direkt.de\/index.php\/wp-json\/wp\/v2\/posts"}],"about":[{"href":"https:\/\/herzogtum-direkt.de\/index.php\/wp-json\/wp\/v2\/types\/post"}],"author":[{"embeddable":true,"href":"https:\/\/herzogtum-direkt.de\/index.php\/wp-json\/wp\/v2\/users\/2"}],"replies":[{"embeddable":true,"href":"https:\/\/herzogtum-direkt.de\/index.php\/wp-json\/wp\/v2\/comments?post=29236"}],"version-history":[{"count":1,"href":"https:\/\/herzogtum-direkt.de\/index.php\/wp-json\/wp\/v2\/posts\/29236\/revisions"}],"predecessor-version":[{"id":29238,"href":"https:\/\/herzogtum-direkt.de\/index.php\/wp-json\/wp\/v2\/posts\/29236\/revisions\/29238"}],"wp:featuredmedia":[{"embeddable":true,"href":"https:\/\/herzogtum-direkt.de\/index.php\/wp-json\/wp\/v2\/media\/29237"}],"wp:attachment":[{"href":"https:\/\/herzogtum-direkt.de\/index.php\/wp-json\/wp\/v2\/media?parent=29236"}],"wp:term":[{"taxonomy":"category","embeddable":true,"href":"https:\/\/herzogtum-direkt.de\/index.php\/wp-json\/wp\/v2\/categories?post=29236"},{"taxonomy":"post_tag","embeddable":true,"href":"https:\/\/herzogtum-direkt.de\/index.php\/wp-json\/wp\/v2\/tags?post=29236"}],"curies":[{"name":"wp","href":"https:\/\/api.w.org\/{rel}","templated":true}]}}