{"id":29161,"date":"2021-03-30T11:41:28","date_gmt":"2021-03-30T09:41:28","guid":{"rendered":"https:\/\/herzogtum-direkt.de\/?p=29161"},"modified":"2021-03-30T11:41:28","modified_gmt":"2021-03-30T09:41:28","slug":"erste-plaetze-fuer-die-kreismusikschule-herzogtum-lauenburg-im-regional-und-landeswettbewerb-jugend-musiziert","status":"publish","type":"post","link":"https:\/\/herzogtum-direkt.de\/index.php\/2021\/03\/30\/erste-plaetze-fuer-die-kreismusikschule-herzogtum-lauenburg-im-regional-und-landeswettbewerb-jugend-musiziert\/","title":{"rendered":"Erste Pl\u00e4tze f\u00fcr die Kreismusikschule Herzogtum Lauenburg im Regional- und Landeswettbewerb Jugend musiziert"},"content":{"rendered":"<figure id=\"attachment_29162\" aria-describedby=\"caption-attachment-29162\" style=\"width: 197px\" class=\"wp-caption alignleft\"><a href=\"https:\/\/2021.herzogtum-direkt.de\/wp-content\/uploads\/2021\/03\/Kim-Bonin-Mandoline-scaled.jpg\"><img fetchpriority=\"high\" decoding=\"async\" class=\"size-medium wp-image-29162\" src=\"https:\/\/2021.herzogtum-direkt.de\/wp-content\/uploads\/2021\/03\/Kim-Bonin-Mandoline-197x300.jpg\" alt=\"\" width=\"197\" height=\"300\" srcset=\"https:\/\/herzogtum-direkt.de\/wp-content\/uploads\/2021\/03\/Kim-Bonin-Mandoline-197x300.jpg 197w, https:\/\/herzogtum-direkt.de\/wp-content\/uploads\/2021\/03\/Kim-Bonin-Mandoline-671x1024.jpg 671w, https:\/\/herzogtum-direkt.de\/wp-content\/uploads\/2021\/03\/Kim-Bonin-Mandoline-768x1171.jpg 768w, https:\/\/herzogtum-direkt.de\/wp-content\/uploads\/2021\/03\/Kim-Bonin-Mandoline-1007x1536.jpg 1007w, https:\/\/herzogtum-direkt.de\/wp-content\/uploads\/2021\/03\/Kim-Bonin-Mandoline-1343x2048.jpg 1343w, https:\/\/herzogtum-direkt.de\/wp-content\/uploads\/2021\/03\/Kim-Bonin-Mandoline-696x1062.jpg 696w, https:\/\/herzogtum-direkt.de\/wp-content\/uploads\/2021\/03\/Kim-Bonin-Mandoline-1068x1629.jpg 1068w, https:\/\/herzogtum-direkt.de\/wp-content\/uploads\/2021\/03\/Kim-Bonin-Mandoline-275x420.jpg 275w, https:\/\/herzogtum-direkt.de\/wp-content\/uploads\/2021\/03\/Kim-Bonin-Mandoline-scaled.jpg 1678w\" sizes=\"(max-width: 197px) 100vw, 197px\" \/><\/a><figcaption id=\"caption-attachment-29162\" class=\"wp-caption-text\">Kim Bonin (Mandoline) wurde mit dem ersten Platz im Landeswettbewerb ein kleiner Traum wahr.<\/figcaption><\/figure>\n<p><strong>Herzogtum Lauenburg (pm).<\/strong> Der 58. Regional- und Landeswettbewerb Jugend musiziert, ausgeschrieben vom Bundesmusikrat, fand in diesem Jahr einmal ganz anders statt. Die Pr\u00fcfungsvorspiele der teilnehmenden Sch\u00fclerinnen und Sch\u00fcler wurden \u00fcber eine Videoaufzeichnung im Studio aufgenommen und der Jury auf digitalem Weg zugesendet.<\/p>\n<p>So erspielten sich Kim Bonin (Mandoline), Ole Magnus Erich (Gitarre) Jan Harfenmeister (Gitarre) und Charlotte Gr\u00fctzmacher (Gitarre) erste Pl\u00e4tze im Regionalwettbewerb mit Weiterleitung in den Landeswettbewerb. Auch hier erhielt die 16j\u00e4hrige Kim einen 1. Preis mit Weiterleitung in den Bundeswettbewerb. Eine sehr besondere Leistung. F\u00fcr Charlotte, Jan und Ole Magnus gab es erfolgreiche 2. Preise im Landeswettbewerb. Die Sch\u00fclerinnen und Sch\u00fcler wurden von Heike Krugmann (Gitarre) und Steffen Trekel (Mandoline) vorbereitet.<\/p>\n<p>Durch die Einbindung in die zahlreichen \u00f6ffentlichen Musikschulkonzerte konnten die Wettbewerbsprogramme in den Vorjahren immer vor gro\u00dfem Publikum trainiert werden. Pandemiebedingt mussten die Pr\u00e4senzkonzerte leider auffallen, doch schw\u00e4rmten die teilnehmenden Sch\u00fclerinnen und Sch\u00fcler von der Erfahrung, einmal in einem professionellen Studio Aufnahmen zu machen. Eine f\u00fcr das Leben festgehaltene und archivierte spannende musikalische Erfahrung.<\/p>\n<p>Peter Seibert, Schulleiter der Kreismusikschule: \u201eNeben der musikalischen Breitenf\u00f6rderung ist die Begabtenfindung und \u2013f\u00f6rderung eine wichtige Aufgabenstellung unserer Bildungsinstitution. Die langj\u00e4hrigen Erfolge der Sch\u00fclerinnen und Sch\u00fcler im Wettbewerb Jugend musiziert stellen das gro\u00dfe Engagement des Kollegiums unserer Kreismusikschule unter Beweis und zeigen ungebrochen die Musizierlust der Sch\u00fclerinnen und Sch\u00fcler auf hohem Niveau.\u201c Infos zu den kreisweiten Unterrichtsangeboten unter Tel. 04541 888332.<\/p>\n<p>Fotounterschrift: Kim Bonin (Mandoline) wurde mit dem ersten Platz im Landeswettbewerb ein kleiner Traum wahr.<\/p>\n","protected":false},"excerpt":{"rendered":"<p>Herzogtum Lauenburg (pm). Der 58. Regional- und Landeswettbewerb Jugend musiziert, ausgeschrieben vom Bundesmusikrat, fand in diesem Jahr einmal ganz anders statt. Die Pr\u00fcfungsvorspiele der teilnehmenden Sch\u00fclerinnen und Sch\u00fcler wurden \u00fcber eine Videoaufzeichnung im Studio aufgenommen und der Jury auf digitalem Weg zugesendet. So erspielten sich Kim Bonin (Mandoline), Ole Magnus Erich (Gitarre) Jan Harfenmeister (Gitarre) [&hellip;]<\/p>\n","protected":false},"author":2,"featured_media":29162,"comment_status":"open","ping_status":"closed","sticky":false,"template":"","format":"standard","meta":{"jnews-multi-image_gallery":[],"jnews_single_post":[],"jnews_primary_category":[],"jnews_social_meta":[],"jnews_override_counter":[],"jnews_post_split":[],"footnotes":""},"categories":[70],"tags":[180],"class_list":["post-29161","post","type-post","status-publish","format-standard","has-post-thumbnail","hentry","category-kultur","tag-kreismusikschule"],"_links":{"self":[{"href":"https:\/\/herzogtum-direkt.de\/index.php\/wp-json\/wp\/v2\/posts\/29161","targetHints":{"allow":["GET"]}}],"collection":[{"href":"https:\/\/herzogtum-direkt.de\/index.php\/wp-json\/wp\/v2\/posts"}],"about":[{"href":"https:\/\/herzogtum-direkt.de\/index.php\/wp-json\/wp\/v2\/types\/post"}],"author":[{"embeddable":true,"href":"https:\/\/herzogtum-direkt.de\/index.php\/wp-json\/wp\/v2\/users\/2"}],"replies":[{"embeddable":true,"href":"https:\/\/herzogtum-direkt.de\/index.php\/wp-json\/wp\/v2\/comments?post=29161"}],"version-history":[{"count":1,"href":"https:\/\/herzogtum-direkt.de\/index.php\/wp-json\/wp\/v2\/posts\/29161\/revisions"}],"predecessor-version":[{"id":29163,"href":"https:\/\/herzogtum-direkt.de\/index.php\/wp-json\/wp\/v2\/posts\/29161\/revisions\/29163"}],"wp:featuredmedia":[{"embeddable":true,"href":"https:\/\/herzogtum-direkt.de\/index.php\/wp-json\/wp\/v2\/media\/29162"}],"wp:attachment":[{"href":"https:\/\/herzogtum-direkt.de\/index.php\/wp-json\/wp\/v2\/media?parent=29161"}],"wp:term":[{"taxonomy":"category","embeddable":true,"href":"https:\/\/herzogtum-direkt.de\/index.php\/wp-json\/wp\/v2\/categories?post=29161"},{"taxonomy":"post_tag","embeddable":true,"href":"https:\/\/herzogtum-direkt.de\/index.php\/wp-json\/wp\/v2\/tags?post=29161"}],"curies":[{"name":"wp","href":"https:\/\/api.w.org\/{rel}","templated":true}]}}