{"id":29125,"date":"2021-03-27T11:11:18","date_gmt":"2021-03-27T09:11:18","guid":{"rendered":"https:\/\/herzogtum-direkt.de\/?p=29125"},"modified":"2021-03-27T11:11:18","modified_gmt":"2021-03-27T09:11:18","slug":"buechener-spd-lehnt-jugendzentrum-in-der-buergerstube-entschieden-ab","status":"publish","type":"post","link":"https:\/\/herzogtum-direkt.de\/index.php\/2021\/03\/27\/buechener-spd-lehnt-jugendzentrum-in-der-buergerstube-entschieden-ab\/","title":{"rendered":"B\u00fcchener SPD lehnt Jugendzentrum in der B\u00fcrgerstube entschieden ab!"},"content":{"rendered":"<p>B\u00fcchen (pm). Der Ausschuss f\u00fcr Jugend, Kultur, Sport und Soziales beschloss in seiner Sitzung vom 25. M\u00e4rz das Jugendzentrum l\u00e4ngerfristig in der alten \u201eB\u00fcrgerstube\u201c auf dem B\u00fcchener B\u00fcrgerplatz zu belassen.Dazu Nadine Satzel (SPD): \u201eDie gestern im Ausschuss f\u00fcr Jugend, Kultur, Sport und Soziales mit den Stimmen von ABB und CDU getroffene Entscheidung, die B\u00fcrgerstube auf dem B\u00fcrgerplatz f\u00fcr mehr als 320.000 Euro umzubauen und dort provisorisch das B\u00fcchener Jugendzentrum (JUZ) unterzubringen, lehnt die B\u00fcchener SPD entschieden ab.&#8220;<\/p>\n<p>Satzel weiter: &#8222;Ein Jugendzentrum ohne eine nutzbare Au\u00dfenfl\u00e4che, direkt auf dem Pr\u00e4sentierteller, vis-\u00e0-vis der Polizei, der Verwaltung und einer Seniorenwohnanlage ist mit Sicherheit kein Platz der Jugendliche anspricht und f\u00fcr Zuwachs im JUZ sorgt. Aus p\u00e4dagogischer Sicht ist der Standort f\u00fcr die offene Kinder- und Jugendarbeit in B\u00fcchen ein R\u00fcckschritt\u201c.<\/p>\n<p>Die B\u00fcchener Sozialdemokratin Claudia Hondt erg\u00e4nzt: \u201eWir bedauern sehr, dass unser An-trag, das provisorische JUZ auf dem Gel\u00e4nde des B-Plan 54 unterzubringen (gegen\u00fcber der Schule, hinter dem Wall) von ABB und CDU abgelehnt wurde. Hier h\u00e4tten wir mit einer provisorischen Container-L\u00f6sung die Chance gehabt, das Jugendzentrum an seinem endg\u00fcltig geplanten Standort zu platzieren, zumal der Schulverband aufgrund der Schulerweiterung gerade beschlossen hat mit der Gemeinde in Verhandlung zu treten, um provisorische Schulcontainer auf dem B-Plan 54 Gel\u00e4nde aufzustellen. Die \u00d6ffnung des Walls und die Erschlie\u00dfung des Gel\u00e4ndes steht daher sowieso kurzfristig auf der Agenda der Gemeinde.<br \/>\nSomit w\u00e4re die zentrale Lage direkt neben der Schule, aber auch die Abgeschiedenheit, um nicht st\u00e4ndig unter Beobachtung zu stehen, ideal gewesen. Nicht zu vergessen auch die f\u00fcr die offene Kinder- und Jugendarbeit so immens wichtigen Au\u00dfenfl\u00e4chen, die an dem von uns favorisierten Standort vorhanden sind\u201c.<\/p>\n<p>\u201eNeben den aus Sicht der Kinder- und Jugendarbeit erheblichen Standortnachteilen sehen wir nat\u00fcrlich auch die Nachteile f\u00fcr den B\u00fcrgerplatz als solches. Denn wie in der gestrigen Sitzung ge\u00e4u\u00dfert, geht die ABB in B\u00fcchen durchaus von zehn Jahren und mehr als Nutzungszeit f\u00fcr das \u201eprovisorische JUZ\u201c aus. Dadurch ist die Entwicklung des B\u00fcrgerplatzes im Sinne des Ortsentwicklungskonzeptes auf Jahrzehnte blockiert und der Neubau eines Jugend- und Begegnungszentrums r\u00fcckt in weiter Ferne. Das ist nicht unser Ansatz f\u00fcr die Entwicklung der Gemeinde. Wir setzen klar auf einen Neubau eines Jugend- und Begegnungszentrum in Verbindung mit einer Einfeldhalle auf dem Gel\u00e4nde des B-Plan 54. In dieses Zentrum lie\u00dfe sich auch die vom Schulverbandsvorsteher und ABB-Mitglied Axel Engelhardt ins Gespr\u00e4ch gebrachte Ausgliederung der Gemeindeb\u00fccherei aus dem Schulgeb\u00e4ude hervorragend integrieren\u201c, so der SPD-Ortsvereinsvorsitzende Lars Schwieger.<\/p>\n<p>Dazu abschlie\u00dfend der SPD-Fraktionsvorsitzende Thomas Gladbach: \u201eAuch wenn die B\u00fc-chener Kommunalpolitik jetzt einen anderen Weg eingeschlagen hat, werden wir weiter ver-suchen, unsere Ziele umzusetzen. Das hei\u00dft Neubau Jugend- und Begegnungszentrum mit Einfeldhalle in einem Zeitraum von 5 Jahren und Entwicklung des B\u00fcrgerplatzes im Sinne der Bev\u00f6lkerung. Wir laden alle B\u00fcrgerinnen und B\u00fcrger herzlich ein, am Donnerstag, 15. April 2021, um 19 Uhr im Rahmen einer Online-Veranstaltung mit uns \u00fcber dieses und andere Themen zu diskutieren. Die Zugangsdaten werden wir rechtzeitig bekannt geben\u201c.<\/p>\n","protected":false},"excerpt":{"rendered":"<p>B\u00fcchen (pm). Der Ausschuss f\u00fcr Jugend, Kultur, Sport und Soziales beschloss in seiner Sitzung vom 25. M\u00e4rz das Jugendzentrum l\u00e4ngerfristig in der alten \u201eB\u00fcrgerstube\u201c auf dem B\u00fcchener B\u00fcrgerplatz zu belassen.Dazu Nadine Satzel (SPD): \u201eDie gestern im Ausschuss f\u00fcr Jugend, Kultur, Sport und Soziales mit den Stimmen von ABB und CDU getroffene Entscheidung, die B\u00fcrgerstube auf [&hellip;]<\/p>\n","protected":false},"author":2,"featured_media":29126,"comment_status":"open","ping_status":"closed","sticky":false,"template":"","format":"standard","meta":{"jnews-multi-image_gallery":[],"jnews_single_post":[],"jnews_primary_category":[],"jnews_social_meta":[],"jnews_override_counter":[],"jnews_post_split":[],"footnotes":""},"categories":[2650,63],"tags":[141,2651],"class_list":["post-29125","post","type-post","status-publish","format-standard","has-post-thumbnail","hentry","category-buechen","category-herzogtum-lauenburg","tag-buechen","tag-spd-buechen"],"_links":{"self":[{"href":"https:\/\/herzogtum-direkt.de\/index.php\/wp-json\/wp\/v2\/posts\/29125","targetHints":{"allow":["GET"]}}],"collection":[{"href":"https:\/\/herzogtum-direkt.de\/index.php\/wp-json\/wp\/v2\/posts"}],"about":[{"href":"https:\/\/herzogtum-direkt.de\/index.php\/wp-json\/wp\/v2\/types\/post"}],"author":[{"embeddable":true,"href":"https:\/\/herzogtum-direkt.de\/index.php\/wp-json\/wp\/v2\/users\/2"}],"replies":[{"embeddable":true,"href":"https:\/\/herzogtum-direkt.de\/index.php\/wp-json\/wp\/v2\/comments?post=29125"}],"version-history":[{"count":1,"href":"https:\/\/herzogtum-direkt.de\/index.php\/wp-json\/wp\/v2\/posts\/29125\/revisions"}],"predecessor-version":[{"id":29127,"href":"https:\/\/herzogtum-direkt.de\/index.php\/wp-json\/wp\/v2\/posts\/29125\/revisions\/29127"}],"wp:featuredmedia":[{"embeddable":true,"href":"https:\/\/herzogtum-direkt.de\/index.php\/wp-json\/wp\/v2\/media\/29126"}],"wp:attachment":[{"href":"https:\/\/herzogtum-direkt.de\/index.php\/wp-json\/wp\/v2\/media?parent=29125"}],"wp:term":[{"taxonomy":"category","embeddable":true,"href":"https:\/\/herzogtum-direkt.de\/index.php\/wp-json\/wp\/v2\/categories?post=29125"},{"taxonomy":"post_tag","embeddable":true,"href":"https:\/\/herzogtum-direkt.de\/index.php\/wp-json\/wp\/v2\/tags?post=29125"}],"curies":[{"name":"wp","href":"https:\/\/api.w.org\/{rel}","templated":true}]}}