{"id":29050,"date":"2021-03-23T09:28:40","date_gmt":"2021-03-23T07:28:40","guid":{"rendered":"https:\/\/herzogtum-direkt.de\/?p=29050"},"modified":"2021-03-23T09:28:40","modified_gmt":"2021-03-23T07:28:40","slug":"kunst-schafft-vielfalt","status":"publish","type":"post","link":"https:\/\/herzogtum-direkt.de\/index.php\/2021\/03\/23\/kunst-schafft-vielfalt\/","title":{"rendered":"Kunst schafft Vielfalt"},"content":{"rendered":"<p><strong>Ratzeburg (pm).<\/strong> Im November gab es vor dem Kreishaus in Ratzeburg eine gro\u00dfe Freiluft-Kunstausstellung mit Arbeiten von Sch\u00fclerinnen und Sch\u00fclern aus dem Kreis zum Thema \u201eBl\u00fchende Landschaften&#8220;. Nun werden Fl\u00e4chen im Kreis gesucht, auf denen \u00fcber die Aussaat von heimischem Wildblumensaatgut \u00fcber mehrere Jahre vielf\u00e4ltige Bl\u00fchwiesen entstehen.<br \/>\n\u201eBl\u00fchende Landschaften sollen keine Vision bleiben, sondern an verschiedenen Orten wachsen. Dort geht die Ausstellung dann in den Dialog mit der Natur&#8220;, sagt die Kreisfachberaterin Elisabeth von Meltzer, zust\u00e4ndig f\u00fcr Natur- und Umweltbildung und Bildung f\u00fcr nachhaltige Entwicklung an Schulen. Mit dieser Initiative soll das Netzwerk der Bl\u00fchfl\u00e4chen im Herzogtum Lauenburg weiter ausgebaut werden, um noch mehr Lebensr\u00e4ume f\u00fcr Insekten und wertvolle R\u00fcckzugs- und Brutr\u00e4ume f\u00fcr weitere Arten zu schaffen.<\/p>\n<p>Es werden Mitmacher und Mitmacherinnen gesucht: Menschen die helfen wollen, indem sie eine Fl\u00e4che zur Verf\u00fcgung stellen oder mit Spenden die Finanzierung von Regio-Saatgut und Fl\u00e4chenpflege sicherstellen. Der Kreisfachberater f\u00fcr Kulturelle Bildung J\u00f6rg-R\u00fcdiger Geschke erg\u00e4nzt: \u201eSchulklassen haben die M\u00f6glichkeit, eine Patenschaft f\u00fcr ein \u201eKinderbl\u00fctenreich&#8220; in ihrer N\u00e4he zu \u00fcbernehmen. Sie besuchen die Bl\u00fchfl\u00e4chen, beobachten, erforschen und begleiten sie in ihrer Entwicklung.&#8220; Wetterfeste Reproduktionen der Kinderkunstwerke aus der Ausstellung vom November werden an den realen Bl\u00fchfl\u00e4chen aufgestellt, so dass die Besonderheit der \u201eKinderbl\u00fctenreiche&#8220; augenf\u00e4llig wird.<\/p>\n<p>Das Projekt wird vom Deutschen Verband f\u00fcr Landschaftspflege und dem Netzwerk Bl\u00fchende Landschaft fachlich beraten und unterst\u00fctzt. Wer macht mit? Kommunen, Kirchengemeinden, Schulen, Betriebe oder Privatpersonen, die Fl\u00e4chen zur Verf\u00fcgung stellen wollen, wenden sich bitte an Elisabeth von Meltzer oder J\u00f6rg-R\u00fcdiger Geschke. Weitere Informationen und Kontaktangaben unter <a href=\"http:\/\/www.kinderbluetenreich.de\" target=\"_blank\" rel=\"noopener\">www.kinderbluetenreich.de<\/a>. Wenn Sie das Projekt finanziell unterst\u00fctzen m\u00f6chten, nutzen Sie bitte das Konto des Schulvereins der Gemeinschaftsschule M\u00f6lln: DE73 2305 2750 1000 0243 64, Stichwort Kinderbl\u00fctenreich.<\/p>\n","protected":false},"excerpt":{"rendered":"<p>Ratzeburg (pm). Im November gab es vor dem Kreishaus in Ratzeburg eine gro\u00dfe Freiluft-Kunstausstellung mit Arbeiten von Sch\u00fclerinnen und Sch\u00fclern aus dem Kreis zum Thema \u201eBl\u00fchende Landschaften&#8220;. Nun werden Fl\u00e4chen im Kreis gesucht, auf denen \u00fcber die Aussaat von heimischem Wildblumensaatgut \u00fcber mehrere Jahre vielf\u00e4ltige Bl\u00fchwiesen entstehen. \u201eBl\u00fchende Landschaften sollen keine Vision bleiben, sondern an [&hellip;]<\/p>\n","protected":false},"author":2,"featured_media":29051,"comment_status":"open","ping_status":"closed","sticky":false,"template":"","format":"standard","meta":{"jnews-multi-image_gallery":[],"jnews_single_post":[],"jnews_primary_category":[],"jnews_social_meta":[],"jnews_override_counter":[],"jnews_post_split":[],"footnotes":""},"categories":[70,2],"tags":[3003,1073],"class_list":["post-29050","post","type-post","status-publish","format-standard","has-post-thumbnail","hentry","category-kultur","category-startseite","tag-kinderbluetenreiche","tag-kunst"],"_links":{"self":[{"href":"https:\/\/herzogtum-direkt.de\/index.php\/wp-json\/wp\/v2\/posts\/29050","targetHints":{"allow":["GET"]}}],"collection":[{"href":"https:\/\/herzogtum-direkt.de\/index.php\/wp-json\/wp\/v2\/posts"}],"about":[{"href":"https:\/\/herzogtum-direkt.de\/index.php\/wp-json\/wp\/v2\/types\/post"}],"author":[{"embeddable":true,"href":"https:\/\/herzogtum-direkt.de\/index.php\/wp-json\/wp\/v2\/users\/2"}],"replies":[{"embeddable":true,"href":"https:\/\/herzogtum-direkt.de\/index.php\/wp-json\/wp\/v2\/comments?post=29050"}],"version-history":[{"count":1,"href":"https:\/\/herzogtum-direkt.de\/index.php\/wp-json\/wp\/v2\/posts\/29050\/revisions"}],"predecessor-version":[{"id":29052,"href":"https:\/\/herzogtum-direkt.de\/index.php\/wp-json\/wp\/v2\/posts\/29050\/revisions\/29052"}],"wp:featuredmedia":[{"embeddable":true,"href":"https:\/\/herzogtum-direkt.de\/index.php\/wp-json\/wp\/v2\/media\/29051"}],"wp:attachment":[{"href":"https:\/\/herzogtum-direkt.de\/index.php\/wp-json\/wp\/v2\/media?parent=29050"}],"wp:term":[{"taxonomy":"category","embeddable":true,"href":"https:\/\/herzogtum-direkt.de\/index.php\/wp-json\/wp\/v2\/categories?post=29050"},{"taxonomy":"post_tag","embeddable":true,"href":"https:\/\/herzogtum-direkt.de\/index.php\/wp-json\/wp\/v2\/tags?post=29050"}],"curies":[{"name":"wp","href":"https:\/\/api.w.org\/{rel}","templated":true}]}}