{"id":28908,"date":"2021-03-14T11:44:08","date_gmt":"2021-03-14T09:44:08","guid":{"rendered":"https:\/\/herzogtum-direkt.de\/?p=28908"},"modified":"2021-03-18T09:43:48","modified_gmt":"2021-03-18T07:43:48","slug":"nina-scheer-mit-9452-als-direktkandidatin-der-spd-fuer-den-bundestagswahlkreis-10-erneut-aufgestellt","status":"publish","type":"post","link":"https:\/\/herzogtum-direkt.de\/index.php\/2021\/03\/14\/nina-scheer-mit-9452-als-direktkandidatin-der-spd-fuer-den-bundestagswahlkreis-10-erneut-aufgestellt\/","title":{"rendered":"Nina Scheer mit 94,52 % als Direktkandidatin der SPD f\u00fcr den Bundestagswahlkreis 10 erneut aufgestellt!"},"content":{"rendered":"<p><strong>Herzogtum Lauenburg (pm).<\/strong> Nach der aufgrund von Briefwahl wohl l\u00e4ngsten Wahlkreiskonferenz in der Geschichte des Bundestagswahlkreises 10 wurde Nina Scheer erneut als Direktkandidatin von den SPD-Delegierten gew\u00e4hlt. \u201eIch freue mich auf die weitere gemeinsame Zeit und Zusammenarbeit und danke f\u00fcr euer Vertrauen&#8220;, so Scheer nach der Bekanntgabe des Ergebnisses. Eckart Boege, Vorsitzender der SPD Ahrensburg, gab das herausragende Ergebnis von 94,52 % f\u00fcr Nina Scheer als Direktkandidatin bekannt und gratulierte ihr herzlich. Er w\u00fcnschte ihr au\u00dferdem viel Erfolg f\u00fcr den Wahlkampf.<\/p>\n<p>Auch Petra Burmeister, SPD Fraktionsvorsitzende in Geesthacht, gratulierte: \u201eLiebe Nina, auch von deinem Heimat-Ortsverein Geesthacht gratulieren wir ganz herzlich und freuen uns auf einen engagierten Wahlkampf.&#8220; Die Wahlkreiskonferenz wurde aufgrund der aktuellen Umst\u00e4nde online durchgef\u00fchrt. Gew\u00e4hlt wurde per Briefwahl. Aus diesem Grund dauerte diese besondere Wahlkreiskonferenz insgesamt 21 Tage. Allerdings wurde die erste H\u00e4lfte bereits am 19. Februar durchgef\u00fchrt, danach per Briefwahl gew\u00e4hlt und nun am 12. M\u00e4rz das Ergebnis bekannt gegeben. Die Sitzung wurde also zwischendurch unterbrochen.<\/p>\n<p>Die Kreisverb\u00e4nde der SPD Herzogtum Lauenburg und der SPD Stormarn freuen sich, mit Nina Scheer seit 2013 eine so kompetente und engagierte Umwelt- und Energiepolitikerin seit 2013 im Deutschen Bundestag zu haben. Sie setzt sich f\u00fcr unsere Region ein und hat im Bundestag in vielen Bereichen an weg- und weitreichenden Entscheidungen mitgewirkt. So wirkte sie ma\u00dfgeblich am bundespolitischen Verbot von Fracking mit. Zuletzt erwirkte sie mit dem Aktionsb\u00fcndnis \u201eFuture 4 Fishes&#8220; in Geesthacht die Installation einer Heberleitung zur \u00f6kologischen Durchg\u00e4ngigkeit der Elbe am Stauwehr. F\u00fcr Ihre Fraktion initiierte und verfasste sie eine Positionierung zum Whistleblowerschutz und erstritt Rahmenbedingungen zur Gew\u00e4hrleistung etwa von Pressefreiheit im Umgang mit Gesch\u00e4ftsgeheimnissen.<\/p>\n<p>Mit einem von Nina Scheer zuletzt auch als \u201eZwischenruf&#8220; der Grundwertekommission Statement pl\u00e4diert Scheer gegen die Bewaffnung von Drohnen: \u201eVerzicht als Chance f\u00fcr gestaltende Friedenspolitik&#8220;, vgl. <a href=\"https:\/\/grundwertekommission.spd.de\/fileadmin\/gwk\/Dokumente\/GWK_ZWR_Jan2021_Final.pdf\" target=\"_blank\" rel=\"noopener\">https:\/\/grundwertekommission.spd.de\/fileadmin\/gwk\/Dokumente\/GWK_ZWR_Jan2021_Final.pdf<\/a>. und wirkte hiermit daran mit, dass die schwarz-rote Koalition j\u00fcngst keine Anschaffung einer Bewaffnung von Kampfdrohnen vornahm.<\/p>\n<p>Nina Scheer ist seit 1987 SPD-Mitglied und seit 2011 Mitglied der SPD-Grundwertekommission. Von 2015 bis 2019 war sie Mitglied des SPD-Landesvorstandes (keine erneute Kandidatur) und ist seit 2017 Vorsitzende des SPD-Kreisverbandes Herzogtum Lauenburg. Ehrenamtlich leitet sie als deren Vorstand die Hermann-Scheer-Stiftung.<\/p>\n<p>Nina Scheer ist 49 Jahre und lebt mit ihrer Tochter im Kreis Herzogtum Lauenburg. Sie ist Juristin, promovierte Politikwissenschaftlerin und Musikerin. Im Bundestag ist sie stellvertretende Vorsitzende des Parlamentarischen Beirats f\u00fcr nachhaltige Entwicklung, Mitglied des Umweltausschusses und des Ausschusses f\u00fcr Recht und Verbraucherschutz, sowie stellvertretendes Mitglied im Wirtschaftsausschuss. F\u00fcr die SPD-Bundestagsfraktion ist sie zudem Mitglied des Beirats des Verbraucherzentrale Bundesverband und wurde j\u00fcngst zu dessen Vorsitzenden gew\u00e4hlt.<\/p>\n<p>Nina Scheer war in ihrer Zeit vor Eintritt in den Bundestag \u00fcber sechs Jahre Gesch\u00e4ftsf\u00fchrerin eines Wirtschaftsverbandes, Bundesverband Nachhaltige Wirtschaft e.V. (ehemals UnternehmensGr\u00fcn e.V.).<\/p>\n<p>&nbsp;<\/p>\n","protected":false},"excerpt":{"rendered":"<p>Herzogtum Lauenburg (pm). Nach der aufgrund von Briefwahl wohl l\u00e4ngsten Wahlkreiskonferenz in der Geschichte des Bundestagswahlkreises 10 wurde Nina Scheer erneut als Direktkandidatin von den SPD-Delegierten gew\u00e4hlt. \u201eIch freue mich auf die weitere gemeinsame Zeit und Zusammenarbeit und danke f\u00fcr euer Vertrauen&#8220;, so Scheer nach der Bekanntgabe des Ergebnisses. Eckart Boege, Vorsitzender der SPD Ahrensburg, [&hellip;]<\/p>\n","protected":false},"author":2,"featured_media":28909,"comment_status":"open","ping_status":"closed","sticky":false,"template":"","format":"standard","meta":{"jnews-multi-image_gallery":[],"jnews_single_post":[],"jnews_primary_category":[],"jnews_social_meta":[],"jnews_override_counter":[],"jnews_post_split":[],"footnotes":""},"categories":[63,2],"tags":[2779,707,467,598],"class_list":["post-28908","post","type-post","status-publish","format-standard","has-post-thumbnail","hentry","category-herzogtum-lauenburg","category-startseite","tag-bundestagswahl-2021","tag-kreis-spd","tag-nina-scheer","tag-spd-herzogtum-lauenburg"],"_links":{"self":[{"href":"https:\/\/herzogtum-direkt.de\/index.php\/wp-json\/wp\/v2\/posts\/28908","targetHints":{"allow":["GET"]}}],"collection":[{"href":"https:\/\/herzogtum-direkt.de\/index.php\/wp-json\/wp\/v2\/posts"}],"about":[{"href":"https:\/\/herzogtum-direkt.de\/index.php\/wp-json\/wp\/v2\/types\/post"}],"author":[{"embeddable":true,"href":"https:\/\/herzogtum-direkt.de\/index.php\/wp-json\/wp\/v2\/users\/2"}],"replies":[{"embeddable":true,"href":"https:\/\/herzogtum-direkt.de\/index.php\/wp-json\/wp\/v2\/comments?post=28908"}],"version-history":[{"count":1,"href":"https:\/\/herzogtum-direkt.de\/index.php\/wp-json\/wp\/v2\/posts\/28908\/revisions"}],"predecessor-version":[{"id":28910,"href":"https:\/\/herzogtum-direkt.de\/index.php\/wp-json\/wp\/v2\/posts\/28908\/revisions\/28910"}],"wp:featuredmedia":[{"embeddable":true,"href":"https:\/\/herzogtum-direkt.de\/index.php\/wp-json\/wp\/v2\/media\/28909"}],"wp:attachment":[{"href":"https:\/\/herzogtum-direkt.de\/index.php\/wp-json\/wp\/v2\/media?parent=28908"}],"wp:term":[{"taxonomy":"category","embeddable":true,"href":"https:\/\/herzogtum-direkt.de\/index.php\/wp-json\/wp\/v2\/categories?post=28908"},{"taxonomy":"post_tag","embeddable":true,"href":"https:\/\/herzogtum-direkt.de\/index.php\/wp-json\/wp\/v2\/tags?post=28908"}],"curies":[{"name":"wp","href":"https:\/\/api.w.org\/{rel}","templated":true}]}}