{"id":2884,"date":"2018-04-20T05:43:27","date_gmt":"2018-04-20T05:43:27","guid":{"rendered":"https:\/\/herzogtum-direkt.de\/?p=2884"},"modified":"2018-04-21T06:36:25","modified_gmt":"2018-04-21T06:36:25","slug":"bauarbeiten-am-bbz-moelln-sind-nun-im-vollen-gange","status":"publish","type":"post","link":"https:\/\/herzogtum-direkt.de\/index.php\/2018\/04\/20\/bauarbeiten-am-bbz-moelln-sind-nun-im-vollen-gange\/","title":{"rendered":"Bauarbeiten am BBZ M\u00f6lln sind nun im vollen Gange"},"content":{"rendered":"<p><strong>M\u00f6lln (pm).<\/strong> Mit der feierlichen Grundsteinlegung am 18. April gaben Landrat Christoph Mager und Kreispr\u00e4sident Meinhard F\u00fcllner den offiziellen Startschuss f\u00fcr die Bauarbeiten am BBZ in M\u00f6lln. Der Kreis modernisiert f\u00fcr \u00fcber 22 Millionen Euro sein Berufsbildungszentrum. Innerhalb der kommenden zwei Jahre soll ein neuer Werkstatttrakt f\u00fcr die Ausbildungebereiche Fahrzeugtechnik, Bautechnik, Holztechnik, Farbtechnik und Schwei\u00dfen entstehen.<\/p>\n<p>\u201eDiese Ma\u00dfnahme dient der St\u00e4rkung der dualen Berufsausbildung in unserem Kreis\u201c, sagte Kreispr\u00e4sident Meinhard F\u00fcllner in seinem Gru\u00dfwort. \u201eDamit setzen wir auch ein Zeichen daf\u00fcr, dass die praktische Berufsausbildung gleichwertig mit einer akademischen Laufbahn ist.\u201c Den Trend, dass immer mehr Sch\u00fcler sich einem Studium zuwendeten und die duale Ausbildung zu wenig Anerkennung erfahre, beschrieb er als \u201efatal\u201c.<\/p>\n<p>Zur Grundsteinlegung geh\u00f6rt traditionell auch die Bef\u00fcllung einer \u201eZeitkapsel\u201c, welche in das Mauerwerk versenkt wird. Diese wurde von den Teilnehmenden mit Baupl\u00e4nen, einer Kreischronik, M\u00fcnzen und einer aktuellen Tageszeitung bef\u00fcllt. Bei sp\u00e4teren Umbauarbeiten oder anderen Ma\u00dfnahmen, k\u00f6nnte diese dann wiedergefunden werden, wie j\u00fcngst bei den Bauarbeiten an der Lauenburgischen Gelehrtenschule in Ratzeburg geschehen. Die Berufssch\u00fclerinnen und \u2013sch\u00fcler trugen mit einem Rahmenprogramm zum Gelingen der Verwanstaltung bei strahlendem Sonnenschein bei.<\/p>\n<p>Die Arbeiten am BBZ liegen trotz der letzten Wetterkapriolen im Zeitplan. Der Abbruch des Vorg\u00e4ngerbaus sowie die vorbereitenden Erdarbeiten konnten planm\u00e4\u00dfig abgeschlossen werden. Die Ergebnisse der Ausschreibungsverfahren zeigen jedoch, dass f\u00fcr den ersten Bauabschnitt bereits mit Kostensteigerungen von etwa 900.000 \u20ac zu rechnen sein wird.<\/p>\n<p>\u201eDiese Kostensteigerung ist leider nicht vermeidbar\u201c, r\u00e4umte F\u00fcllner ein. \u201eDer Kreis wird aber mit dieser Ma\u00dfnahme seiner bildungspolitischen Verantwortung gerecht und kann die Attraktivit\u00e4t des Berufsbildungszentrums steigern.\u201c<\/p>\n","protected":false},"excerpt":{"rendered":"<p>M\u00f6lln (pm). Mit der feierlichen Grundsteinlegung am 18. April gaben Landrat Christoph Mager und Kreispr\u00e4sident Meinhard F\u00fcllner den offiziellen Startschuss f\u00fcr die Bauarbeiten am BBZ in M\u00f6lln. Der Kreis modernisiert f\u00fcr \u00fcber 22 Millionen Euro sein Berufsbildungszentrum. Innerhalb der kommenden zwei Jahre soll ein neuer Werkstatttrakt f\u00fcr die Ausbildungebereiche Fahrzeugtechnik, Bautechnik, Holztechnik, Farbtechnik und Schwei\u00dfen [&hellip;]<\/p>\n","protected":false},"author":2,"featured_media":2885,"comment_status":"open","ping_status":"closed","sticky":false,"template":"","format":"standard","meta":{"jnews-multi-image_gallery":[],"jnews_single_post":[],"jnews_primary_category":[],"jnews_social_meta":[],"jnews_override_counter":[],"jnews_post_split":[],"footnotes":""},"categories":[63,66,2],"tags":[680,681,133],"class_list":["post-2884","post","type-post","status-publish","format-standard","has-post-thumbnail","hentry","category-herzogtum-lauenburg","category-moelln","category-startseite","tag-bbz","tag-grundsteinlegung-bbz","tag-moelln"],"_links":{"self":[{"href":"https:\/\/herzogtum-direkt.de\/index.php\/wp-json\/wp\/v2\/posts\/2884","targetHints":{"allow":["GET"]}}],"collection":[{"href":"https:\/\/herzogtum-direkt.de\/index.php\/wp-json\/wp\/v2\/posts"}],"about":[{"href":"https:\/\/herzogtum-direkt.de\/index.php\/wp-json\/wp\/v2\/types\/post"}],"author":[{"embeddable":true,"href":"https:\/\/herzogtum-direkt.de\/index.php\/wp-json\/wp\/v2\/users\/2"}],"replies":[{"embeddable":true,"href":"https:\/\/herzogtum-direkt.de\/index.php\/wp-json\/wp\/v2\/comments?post=2884"}],"version-history":[{"count":1,"href":"https:\/\/herzogtum-direkt.de\/index.php\/wp-json\/wp\/v2\/posts\/2884\/revisions"}],"predecessor-version":[{"id":2886,"href":"https:\/\/herzogtum-direkt.de\/index.php\/wp-json\/wp\/v2\/posts\/2884\/revisions\/2886"}],"wp:featuredmedia":[{"embeddable":true,"href":"https:\/\/herzogtum-direkt.de\/index.php\/wp-json\/wp\/v2\/media\/2885"}],"wp:attachment":[{"href":"https:\/\/herzogtum-direkt.de\/index.php\/wp-json\/wp\/v2\/media?parent=2884"}],"wp:term":[{"taxonomy":"category","embeddable":true,"href":"https:\/\/herzogtum-direkt.de\/index.php\/wp-json\/wp\/v2\/categories?post=2884"},{"taxonomy":"post_tag","embeddable":true,"href":"https:\/\/herzogtum-direkt.de\/index.php\/wp-json\/wp\/v2\/tags?post=2884"}],"curies":[{"name":"wp","href":"https:\/\/api.w.org\/{rel}","templated":true}]}}