{"id":28672,"date":"2021-02-26T10:31:40","date_gmt":"2021-02-26T08:31:40","guid":{"rendered":"https:\/\/herzogtum-direkt.de\/?p=28672"},"modified":"2021-02-26T10:31:40","modified_gmt":"2021-02-26T08:31:40","slug":"unterstuetzung-fuer-seelisch-erkrankte-menschen-in-der-corona-zeit","status":"publish","type":"post","link":"https:\/\/herzogtum-direkt.de\/index.php\/2021\/02\/26\/unterstuetzung-fuer-seelisch-erkrankte-menschen-in-der-corona-zeit\/","title":{"rendered":"Unterst\u00fctzung f\u00fcr seelisch erkrankte Menschen in der Corona-Zeit"},"content":{"rendered":"<figure id=\"attachment_28673\" aria-describedby=\"caption-attachment-28673\" style=\"width: 200px\" class=\"wp-caption alignleft\"><a href=\"https:\/\/2021.herzogtum-direkt.de\/wp-content\/uploads\/2021\/02\/Thomas_Buhck.jpg\"><img fetchpriority=\"high\" decoding=\"async\" class=\"size-medium wp-image-28673\" src=\"https:\/\/2021.herzogtum-direkt.de\/wp-content\/uploads\/2021\/02\/Thomas_Buhck-200x300.jpg\" alt=\"\" width=\"200\" height=\"300\" srcset=\"https:\/\/herzogtum-direkt.de\/wp-content\/uploads\/2021\/02\/Thomas_Buhck-200x300.jpg 200w, https:\/\/herzogtum-direkt.de\/wp-content\/uploads\/2021\/02\/Thomas_Buhck-683x1024.jpg 683w, https:\/\/herzogtum-direkt.de\/wp-content\/uploads\/2021\/02\/Thomas_Buhck-768x1152.jpg 768w, https:\/\/herzogtum-direkt.de\/wp-content\/uploads\/2021\/02\/Thomas_Buhck-696x1044.jpg 696w, https:\/\/herzogtum-direkt.de\/wp-content\/uploads\/2021\/02\/Thomas_Buhck-280x420.jpg 280w, https:\/\/herzogtum-direkt.de\/wp-content\/uploads\/2021\/02\/Thomas_Buhck.jpg 1000w\" sizes=\"(max-width: 200px) 100vw, 200px\" \/><\/a><figcaption id=\"caption-attachment-28673\" class=\"wp-caption-text\">Thomas Buhck, Gesch\u00e4ftsf\u00fchrender Gesellschafter der Buhck Gruppe.<\/figcaption><\/figure>\n<p><strong>Wentorf (pm).<\/strong> Traditionell unterst\u00fctzt die Buhck Gruppe \u2013 anstelle von Weihnachtsgeschenken f\u00fcr die Kunden \u2013 soziale Organisationen aus der Region mit einer Spende zum Jahreswechsel. Da die Pandemie viele Menschen besonders belastet, fiel die Wahl in diesem Jahr auf zwei Organisationen, die sich auf unterschiedliche Weise um Menschen in der Krise k\u00fcmmern. Neben der Bergedorfer Tafel freut sich der Verein ANKER e.V. \u00fcber die F\u00f6rderung in H\u00f6he von 2.500 Euro.<\/p>\n<p>Psychische Krankheiten sind oft ein Tabu \u2013 auch heute noch. Dabei brauchen grade Menschen, die sich in einer seelischen Krise befinden, besondere Unterst\u00fctzung. Im Herzogtum Lauenburg k\u00fcmmert sich der ehrenamtlich gef\u00fchrte Verein ANKER e.V. seit drei\u00dfig Jahren um psychisch kranke Menschen. \u201eDie Pandemie-Zeit ist f\u00fcr viele Menschen eine sehr gro\u00dfe Herausforderung. Deshalb haben wir uns f\u00fcr unsere Weihnachtsspenden in diesem Jahr zwei Organisationen ausgesucht, die die Menschen in dieser Zeit unterst\u00fctzen. Viele Menschen haben ganz praktische Sorgen, weil sie durch Kurzarbeit oder Arbeitsplatzverlust in finanzielle N\u00f6te geraten sind \u2013 hier schafft die Tafel Bergedorf eine wichtige Entlastung mit ihrer Lebensmittelausgabe. Daneben haben nat\u00fcrlich insbesondere die seelischen Belastungen zugenommen und hier leistet der Verein ANKER e.V. eine wertvolle Arbeit, die wir ebenfalls sehr gerne unterst\u00fctzen\u201c, so Thomas Buhck, Gesch\u00e4ftsf\u00fchrender Gesellschafter der Buhck Gruppe.<\/p>\n<p>Derzeit begleitet ANKER regelm\u00e4\u00dfig knapp 200 Menschen mit seelischen Erkrankungen kreisweit, prim\u00e4r im Rahmen der Eingliederungshilfe zur Teilhabe am Leben in der Gesellschaft. Seit April 2020 hat der Verein au\u00dferdem erg\u00e4nzend einen ambulanten Pflegedienst in Lauenburg aufgebaut. Der Schwerpunkt der Arbeit liegt bei besonderen Wohnformen f\u00fcr psychisch kranke Menschen im S\u00fcdkreis, insbesondere im Dreieck Geesthacht-L\u00fctau-Lauenburg. In L\u00fctau betreibt der Verein ein Wohnhaus mit derzeit f\u00fcnfzehn Pl\u00e4tzen, in Geesthacht eine Wohngemeinschaft mit vierzehn Pl\u00e4tzen.<\/p>\n<p>\u201eLeider trifft die Pandemie psychisch erkrankte Menschen besonders hart.\u201c, erkl\u00e4rt Oliver Lietzke, Gesch\u00e4ftsf\u00fchrer ANKER e.V. \u201eAufgrund der Allgemeinverf\u00fcgungen sind nat\u00fcrlich auch unsere Wohnbereiche immer wieder von Betretungsverboten und auch Ausgangssperren, wie zum Beispiel Wochenendbesuchen bei Angeh\u00f6rigen, betroffen. Dies f\u00fchrt zu starken sozialen Einschr\u00e4nkungen und mangelndem Kontakt zur Familie. Auch sind die Hygienema\u00dfnahmen f\u00fcr Bewohner und Mitarbeiter*innen in derartig kleinen Einrichtungen mit hohem Kostenaufwand verbunden. Gern nutzen wir diese gro\u00dfz\u00fcgige Spende, um die notwendigen und zus\u00e4tzlichen Anschaffungen wie zum Beispiel Luftreiniger zu refinanzieren und, sobald hoffentlich wieder m\u00f6glich, durch ein &#8222;Sommerfest&#8220; in L\u00fctau einen kleinen Ausgleich f\u00fcr die Bewohner zu schaffen.\u201c<\/p>\n<p>\u00dcber die Buhck Gruppe<\/p>\n<p>Die Buhck Gruppe ist einer der gr\u00f6\u00dften Umweltdienstleister in Norddeutschland. Mit rund 1.200 Mitarbeitern erwirtschaftete sie im Jahr 2020 einen Umsatz von rund 150 Millionen Euro. Die Gruppe ist in den Gesch\u00e4ftsfeldern Abfallverwertung, Rohr- &amp; Kanalservice und Beratungsdienstleistungen aktiv. Ihre 35 Unternehmen verteilen sich auf zwanzig Standorte in Hamburg, Schleswig-Holstein und Niedersachsen. Die Br\u00fcder Dr. Henner Buhck und Thomas Buhck leiten das 1899 in Hamburg-Bergedorf gegr\u00fcndete Familienunternehmen bereits in der vierten Generation.<\/p>\n","protected":false},"excerpt":{"rendered":"<p>Wentorf (pm). Traditionell unterst\u00fctzt die Buhck Gruppe \u2013 anstelle von Weihnachtsgeschenken f\u00fcr die Kunden \u2013 soziale Organisationen aus der Region mit einer Spende zum Jahreswechsel. Da die Pandemie viele Menschen besonders belastet, fiel die Wahl in diesem Jahr auf zwei Organisationen, die sich auf unterschiedliche Weise um Menschen in der Krise k\u00fcmmern. Neben der Bergedorfer [&hellip;]<\/p>\n","protected":false},"author":2,"featured_media":28673,"comment_status":"open","ping_status":"closed","sticky":false,"template":"","format":"standard","meta":{"jnews-multi-image_gallery":[],"jnews_single_post":[],"jnews_primary_category":[],"jnews_social_meta":[],"jnews_override_counter":[],"jnews_post_split":[],"footnotes":""},"categories":[75],"tags":[1724,442,2557],"class_list":["post-28672","post","type-post","status-publish","format-standard","has-post-thumbnail","hentry","category-gesundheit","tag-anker","tag-buhck-gruppe","tag-buhck-stiftung"],"_links":{"self":[{"href":"https:\/\/herzogtum-direkt.de\/index.php\/wp-json\/wp\/v2\/posts\/28672","targetHints":{"allow":["GET"]}}],"collection":[{"href":"https:\/\/herzogtum-direkt.de\/index.php\/wp-json\/wp\/v2\/posts"}],"about":[{"href":"https:\/\/herzogtum-direkt.de\/index.php\/wp-json\/wp\/v2\/types\/post"}],"author":[{"embeddable":true,"href":"https:\/\/herzogtum-direkt.de\/index.php\/wp-json\/wp\/v2\/users\/2"}],"replies":[{"embeddable":true,"href":"https:\/\/herzogtum-direkt.de\/index.php\/wp-json\/wp\/v2\/comments?post=28672"}],"version-history":[{"count":1,"href":"https:\/\/herzogtum-direkt.de\/index.php\/wp-json\/wp\/v2\/posts\/28672\/revisions"}],"predecessor-version":[{"id":28674,"href":"https:\/\/herzogtum-direkt.de\/index.php\/wp-json\/wp\/v2\/posts\/28672\/revisions\/28674"}],"wp:featuredmedia":[{"embeddable":true,"href":"https:\/\/herzogtum-direkt.de\/index.php\/wp-json\/wp\/v2\/media\/28673"}],"wp:attachment":[{"href":"https:\/\/herzogtum-direkt.de\/index.php\/wp-json\/wp\/v2\/media?parent=28672"}],"wp:term":[{"taxonomy":"category","embeddable":true,"href":"https:\/\/herzogtum-direkt.de\/index.php\/wp-json\/wp\/v2\/categories?post=28672"},{"taxonomy":"post_tag","embeddable":true,"href":"https:\/\/herzogtum-direkt.de\/index.php\/wp-json\/wp\/v2\/tags?post=28672"}],"curies":[{"name":"wp","href":"https:\/\/api.w.org\/{rel}","templated":true}]}}