{"id":28259,"date":"2021-02-02T12:13:00","date_gmt":"2021-02-02T10:13:00","guid":{"rendered":"https:\/\/herzogtum-direkt.de\/?p=28259"},"modified":"2021-02-05T10:35:24","modified_gmt":"2021-02-05T08:35:24","slug":"die-dlrg-gross-sarau-warnt-vor-dem-betreten-der-eisflaechen","status":"publish","type":"post","link":"https:\/\/herzogtum-direkt.de\/index.php\/2021\/02\/02\/die-dlrg-gross-sarau-warnt-vor-dem-betreten-der-eisflaechen\/","title":{"rendered":"Die DLRG Gro\u00df Sarau warnt vor dem Betreten der Eisfl\u00e4chen"},"content":{"rendered":"<p><strong>Gro\u00df Sarau (pm).<\/strong> Es ist Winter &#8211; endlich&#8230; Es liegt Schnee, die Temperaturen sind &#8222;unter Null&#8220;, es werden Schneem\u00e4nner und -frauen gebaut, die ersten Gew\u00e4sser frieren zu. \u201e&#8230;und genau hier liegt die Gefahr: Aktuell haben wir eine \u00e4u\u00dferst gef\u00e4hrliche Wetterlage, was die Eisbildung auf Gew\u00e4ssern betrifft\u201c, erl\u00e4utert der zweite Vorsitzende Jan-Hendrik Laudenbach.<br \/>\n\u201eDie n\u00e4chtlichen Temperaturen sind zwar niedrig genug, um eine Eisschicht entstehen zu lassen, durch die Temperaturen um, oder sogar leicht \u00fcber dem Gefrierpunkt, die tags\u00fcber erreicht werden, bildet sich aktuell aber nur eine unzureichend tragf\u00e4hige Eisschicht.\u201c<\/p>\n<p>\u201eBitte betreten Sie die Eisschicht aktuell noch nicht und warnen Sie auch ihre Kinder, dies nicht zu tun\u201c, bittet Nicki M\u00f6ller (Technischer Leiter). Die Eisschicht sollte mindestens eine Dicke von f\u00fcnfzehn Zentimetern aufweisen, bevor sie betreten werden kann. Zu beachten ist auch, dass &#8222;wei\u00dfes Eis&#8220; viele Lufteinschl\u00fcsse besitzt und daher instabil sein kann. Klares\/blaues\/schwarzes\/gr\u00fcnes Eis (je nach Farbe des Wassers darunter) ist stabiler (allerdings ist die Dicke auch schwerer einzusch\u00e4tzen!).<\/p>\n<p>Besonders jetzt in der Corona-Zeit sind die ehrenamtlichen Helfer \u00fcber jeden nicht vorkommenden Einsatz au\u00dferordentlich dankbar. Aber dennoch ist die DLRG Gro\u00df Sarau 24 Stunden und sieben Tage die Woche f\u00fcr die Bev\u00f6lkerung einsatzbereit. \u201eLasst uns Unf\u00e4lle vermeiden und die Welt ein bisschen sicherer machen&#8220;, f\u00fcgt Jan-Hendrik Laudenbach noch hinzu.<\/p>\n","protected":false},"excerpt":{"rendered":"<p>Gro\u00df Sarau (pm). Es ist Winter &#8211; endlich&#8230; Es liegt Schnee, die Temperaturen sind &#8222;unter Null&#8220;, es werden Schneem\u00e4nner und -frauen gebaut, die ersten Gew\u00e4sser frieren zu. \u201e&#8230;und genau hier liegt die Gefahr: Aktuell haben wir eine \u00e4u\u00dferst gef\u00e4hrliche Wetterlage, was die Eisbildung auf Gew\u00e4ssern betrifft\u201c, erl\u00e4utert der zweite Vorsitzende Jan-Hendrik Laudenbach. \u201eDie n\u00e4chtlichen Temperaturen [&hellip;]<\/p>\n","protected":false},"author":2,"featured_media":28260,"comment_status":"open","ping_status":"closed","sticky":false,"template":"","format":"standard","meta":{"jnews-multi-image_gallery":[],"jnews_single_post":[],"jnews_primary_category":[],"jnews_social_meta":[],"jnews_override_counter":[],"jnews_post_split":[],"footnotes":""},"categories":[69,63,2],"tags":[2189,1960,1792],"class_list":["post-28259","post","type-post","status-publish","format-standard","has-post-thumbnail","hentry","category-amt-lauenburgische-seen","category-herzogtum-lauenburg","category-startseite","tag-dlrg-gross-sarau","tag-eis","tag-winter"],"_links":{"self":[{"href":"https:\/\/herzogtum-direkt.de\/index.php\/wp-json\/wp\/v2\/posts\/28259","targetHints":{"allow":["GET"]}}],"collection":[{"href":"https:\/\/herzogtum-direkt.de\/index.php\/wp-json\/wp\/v2\/posts"}],"about":[{"href":"https:\/\/herzogtum-direkt.de\/index.php\/wp-json\/wp\/v2\/types\/post"}],"author":[{"embeddable":true,"href":"https:\/\/herzogtum-direkt.de\/index.php\/wp-json\/wp\/v2\/users\/2"}],"replies":[{"embeddable":true,"href":"https:\/\/herzogtum-direkt.de\/index.php\/wp-json\/wp\/v2\/comments?post=28259"}],"version-history":[{"count":1,"href":"https:\/\/herzogtum-direkt.de\/index.php\/wp-json\/wp\/v2\/posts\/28259\/revisions"}],"predecessor-version":[{"id":28261,"href":"https:\/\/herzogtum-direkt.de\/index.php\/wp-json\/wp\/v2\/posts\/28259\/revisions\/28261"}],"wp:featuredmedia":[{"embeddable":true,"href":"https:\/\/herzogtum-direkt.de\/index.php\/wp-json\/wp\/v2\/media\/28260"}],"wp:attachment":[{"href":"https:\/\/herzogtum-direkt.de\/index.php\/wp-json\/wp\/v2\/media?parent=28259"}],"wp:term":[{"taxonomy":"category","embeddable":true,"href":"https:\/\/herzogtum-direkt.de\/index.php\/wp-json\/wp\/v2\/categories?post=28259"},{"taxonomy":"post_tag","embeddable":true,"href":"https:\/\/herzogtum-direkt.de\/index.php\/wp-json\/wp\/v2\/tags?post=28259"}],"curies":[{"name":"wp","href":"https:\/\/api.w.org\/{rel}","templated":true}]}}