{"id":28185,"date":"2021-01-27T11:24:47","date_gmt":"2021-01-27T09:24:47","guid":{"rendered":"https:\/\/herzogtum-direkt.de\/?p=28185"},"modified":"2021-01-29T11:00:46","modified_gmt":"2021-01-29T09:00:46","slug":"gemeinde-klempau-moechte-dorfzentrum-staerken","status":"publish","type":"post","link":"https:\/\/herzogtum-direkt.de\/index.php\/2021\/01\/27\/gemeinde-klempau-moechte-dorfzentrum-staerken\/","title":{"rendered":"Gemeinde Klempau m\u00f6chte &#8218;Dorfzentrum&#8216; st\u00e4rken"},"content":{"rendered":"<p><strong>Klempau (pm).<\/strong> Idealerweise liegen Feuerwehrhaus, Kindertagesst\u00e4tte und Dorfgemeinschaftshaus gemeinsam beieinander und bilden damit ein Dorfzentrum als Kristallisationspunkt in Klempau. Eine Erweiterung der Kindertagesst\u00e4tte um weitere R\u00e4ume f\u00fcr eine zus\u00e4tzliche Krippengruppe ist vorgesehen. Ein entsprechender Bauantrag wurde gestellt. Noch im Fr\u00fchjahr soll mit der Ma\u00dfnahme begonnen werden. Gern w\u00fcrde die Gemeinde auch ein neues Gemeinschaftshaus mit einbeziehen. Auch diese Planungen werden vorangetrieben. Entsprechende F\u00f6rdermittel sollen nunmehr beantragt werden.<\/p>\n<p>Im Bereich der Abwasserbeseitigung erfolgt nunmehr der Beitritt zum Abwasserzweckverband Stecknitz, den gleichzeitig B\u00fcrgermeister Ralf Neumann als Verbandsvorsteher leitet. Diesem Verband geh\u00f6ren bereits die Gemeinden Berkenthin, Bliestorf, Krummesse und Rondeshagen sowie im Bereich der Beseitigung von Hauskl\u00e4ranlagen auch die Gemeinden Behlendorf und Kastorf an. Der Zweckverband hat sich zu Beginn des letzten Jahres neu aufgestellt und erledigt zunehmend auch Betriebsf\u00fchrungsaufgaben anderer Gemeinden innerhalb des Amtes Berkenthin.<\/p>\n<p>Gern w\u00fcrden B\u00fcrgermeister Neumann und die Mitglieder der Gemeindevertretung auch im Bereich der Ausweisung von weiteren Wohnbaufl\u00e4chen vorankommen. Im letzten Jahr konnte ein kleines Wohngebiet mit 7 Baupl\u00e4tzen erschlossen werden. Zurzeit setzt die Gemeinde auf die Abstimmung mit der Kreisverwaltung und der Landesplanung.<\/p>\n","protected":false},"excerpt":{"rendered":"<p>Klempau (pm). Idealerweise liegen Feuerwehrhaus, Kindertagesst\u00e4tte und Dorfgemeinschaftshaus gemeinsam beieinander und bilden damit ein Dorfzentrum als Kristallisationspunkt in Klempau. Eine Erweiterung der Kindertagesst\u00e4tte um weitere R\u00e4ume f\u00fcr eine zus\u00e4tzliche Krippengruppe ist vorgesehen. Ein entsprechender Bauantrag wurde gestellt. Noch im Fr\u00fchjahr soll mit der Ma\u00dfnahme begonnen werden. Gern w\u00fcrde die Gemeinde auch ein neues Gemeinschaftshaus mit [&hellip;]<\/p>\n","protected":false},"author":2,"featured_media":28186,"comment_status":"open","ping_status":"closed","sticky":false,"template":"","format":"standard","meta":{"jnews-multi-image_gallery":[],"jnews_single_post":[],"jnews_primary_category":[],"jnews_social_meta":[],"jnews_override_counter":[],"jnews_post_split":[],"footnotes":""},"categories":[65,63,2],"tags":[757],"class_list":["post-28185","post","type-post","status-publish","format-standard","has-post-thumbnail","hentry","category-amt-berkenthin","category-herzogtum-lauenburg","category-startseite","tag-klempau"],"_links":{"self":[{"href":"https:\/\/herzogtum-direkt.de\/index.php\/wp-json\/wp\/v2\/posts\/28185","targetHints":{"allow":["GET"]}}],"collection":[{"href":"https:\/\/herzogtum-direkt.de\/index.php\/wp-json\/wp\/v2\/posts"}],"about":[{"href":"https:\/\/herzogtum-direkt.de\/index.php\/wp-json\/wp\/v2\/types\/post"}],"author":[{"embeddable":true,"href":"https:\/\/herzogtum-direkt.de\/index.php\/wp-json\/wp\/v2\/users\/2"}],"replies":[{"embeddable":true,"href":"https:\/\/herzogtum-direkt.de\/index.php\/wp-json\/wp\/v2\/comments?post=28185"}],"version-history":[{"count":1,"href":"https:\/\/herzogtum-direkt.de\/index.php\/wp-json\/wp\/v2\/posts\/28185\/revisions"}],"predecessor-version":[{"id":28187,"href":"https:\/\/herzogtum-direkt.de\/index.php\/wp-json\/wp\/v2\/posts\/28185\/revisions\/28187"}],"wp:featuredmedia":[{"embeddable":true,"href":"https:\/\/herzogtum-direkt.de\/index.php\/wp-json\/wp\/v2\/media\/28186"}],"wp:attachment":[{"href":"https:\/\/herzogtum-direkt.de\/index.php\/wp-json\/wp\/v2\/media?parent=28185"}],"wp:term":[{"taxonomy":"category","embeddable":true,"href":"https:\/\/herzogtum-direkt.de\/index.php\/wp-json\/wp\/v2\/categories?post=28185"},{"taxonomy":"post_tag","embeddable":true,"href":"https:\/\/herzogtum-direkt.de\/index.php\/wp-json\/wp\/v2\/tags?post=28185"}],"curies":[{"name":"wp","href":"https:\/\/api.w.org\/{rel}","templated":true}]}}