{"id":28171,"date":"2021-01-26T10:33:35","date_gmt":"2021-01-26T08:33:35","guid":{"rendered":"https:\/\/herzogtum-direkt.de\/?p=28171"},"modified":"2021-01-26T10:33:35","modified_gmt":"2021-01-26T08:33:35","slug":"goeldenitz-bau-des-gemeindezentrums-geht-gut-voran","status":"publish","type":"post","link":"https:\/\/herzogtum-direkt.de\/index.php\/2021\/01\/26\/goeldenitz-bau-des-gemeindezentrums-geht-gut-voran\/","title":{"rendered":"G\u00f6ldenitz: Bau des Gemeindezentrums geht gut voran!"},"content":{"rendered":"<p><strong>G\u00f6ldenitz (pm).<\/strong> \u00dcber den Jahreswechsel 2020\/21 konnten die Arbeiten am Gemeindezentrum fortgesetzt werden. Auch bei schlechtem Wetter waren die Handwerker anger\u00fcckt.<\/p>\n<p>B\u00fcrgermeisterin Anja D\u00fchrkopp freut sich zusammen mit ihren Kollegen in der Gemeindevertretung \u00fcber den Baufortschritt. Das Vorhaben liegt sowohl im Kosten- wie auch im Zeitplan. Das Gemeindezentrum mit Feuerwehr und gleichzeitig Dorfgemeinschaftsteil soll im August eingeweiht werden.<\/p>\n<p>Mit der Fertigstellung f\u00fchrt die Gemeinde damit die Feuerwehr und das Dorfleben in einem Geb\u00e4ude zusammen. Folglich kann auch ein Geb\u00e4ude eingespart und somit der Gemeindehaushalt mittel- und langfristig entlastet werden. Hieraus ergeben sich auch finanzielle Spielr\u00e4ume f\u00fcr die Gemeinde. In naher Zukunft soll das derzeitige Feuerl\u00f6schfahrzeug TSF Baujahr 1994 gegen ein neues Fahrzeug ersetzt werden. Auch diese Planungen laufen nunmehr an und stellen den Brandschutz in der Gemeinde G\u00f6ldenitz langfristig sicher.<\/p>\n<p>Die Feuerwehr nimmt in G\u00f6ldenitz einen hohen Stellenwert ein. Wehrf\u00fchrer Frank Macke darf sich \u00fcber die Zahl der Mitglieder, insbesondere der aktiven, und gleichzeitig auch \u00fcber den Nachwuchs in seiner Wehr freuen.<\/p>\n","protected":false},"excerpt":{"rendered":"<p>G\u00f6ldenitz (pm). \u00dcber den Jahreswechsel 2020\/21 konnten die Arbeiten am Gemeindezentrum fortgesetzt werden. Auch bei schlechtem Wetter waren die Handwerker anger\u00fcckt. B\u00fcrgermeisterin Anja D\u00fchrkopp freut sich zusammen mit ihren Kollegen in der Gemeindevertretung \u00fcber den Baufortschritt. Das Vorhaben liegt sowohl im Kosten- wie auch im Zeitplan. Das Gemeindezentrum mit Feuerwehr und gleichzeitig Dorfgemeinschaftsteil soll im [&hellip;]<\/p>\n","protected":false},"author":2,"featured_media":28172,"comment_status":"open","ping_status":"closed","sticky":false,"template":"","format":"standard","meta":{"jnews-multi-image_gallery":[],"jnews_single_post":[],"jnews_primary_category":[],"jnews_social_meta":[],"jnews_override_counter":[],"jnews_post_split":[],"footnotes":""},"categories":[65,63],"tags":[469],"class_list":["post-28171","post","type-post","status-publish","format-standard","has-post-thumbnail","hentry","category-amt-berkenthin","category-herzogtum-lauenburg","tag-goeldenitz"],"_links":{"self":[{"href":"https:\/\/herzogtum-direkt.de\/index.php\/wp-json\/wp\/v2\/posts\/28171","targetHints":{"allow":["GET"]}}],"collection":[{"href":"https:\/\/herzogtum-direkt.de\/index.php\/wp-json\/wp\/v2\/posts"}],"about":[{"href":"https:\/\/herzogtum-direkt.de\/index.php\/wp-json\/wp\/v2\/types\/post"}],"author":[{"embeddable":true,"href":"https:\/\/herzogtum-direkt.de\/index.php\/wp-json\/wp\/v2\/users\/2"}],"replies":[{"embeddable":true,"href":"https:\/\/herzogtum-direkt.de\/index.php\/wp-json\/wp\/v2\/comments?post=28171"}],"version-history":[{"count":1,"href":"https:\/\/herzogtum-direkt.de\/index.php\/wp-json\/wp\/v2\/posts\/28171\/revisions"}],"predecessor-version":[{"id":28173,"href":"https:\/\/herzogtum-direkt.de\/index.php\/wp-json\/wp\/v2\/posts\/28171\/revisions\/28173"}],"wp:featuredmedia":[{"embeddable":true,"href":"https:\/\/herzogtum-direkt.de\/index.php\/wp-json\/wp\/v2\/media\/28172"}],"wp:attachment":[{"href":"https:\/\/herzogtum-direkt.de\/index.php\/wp-json\/wp\/v2\/media?parent=28171"}],"wp:term":[{"taxonomy":"category","embeddable":true,"href":"https:\/\/herzogtum-direkt.de\/index.php\/wp-json\/wp\/v2\/categories?post=28171"},{"taxonomy":"post_tag","embeddable":true,"href":"https:\/\/herzogtum-direkt.de\/index.php\/wp-json\/wp\/v2\/tags?post=28171"}],"curies":[{"name":"wp","href":"https:\/\/api.w.org\/{rel}","templated":true}]}}