{"id":28146,"date":"2021-01-25T10:35:19","date_gmt":"2021-01-25T08:35:19","guid":{"rendered":"https:\/\/herzogtum-direkt.de\/?p=28146"},"modified":"2021-01-25T10:35:19","modified_gmt":"2021-01-25T08:35:19","slug":"gruene-fordern-verzicht-auf-die-b-208-verlegung","status":"publish","type":"post","link":"https:\/\/herzogtum-direkt.de\/index.php\/2021\/01\/25\/gruene-fordern-verzicht-auf-die-b-208-verlegung\/","title":{"rendered":"Gr\u00fcne fordern Verzicht auf die B-208-Verlegung"},"content":{"rendered":"<p><strong>Ratzeburg (pm).<\/strong> B\u00dcNDNIS 90 \/ DIE GR\u00dcNEN wollen mit ihrem Ortsverband f\u00fcr Ratzeburg und das n\u00f6rdliche Herzogtum Lauenburg tatkr\u00e4ftig in das Jahr 2021 starten. \u201eWir befinden uns mitten in wichtigen Auseinandersetzungen: Wie werden sich die Bedingungen f\u00fcr unsere Umwelt ver\u00e4ndern; wie kann die Demokratie gesichert und ausgebaut werden. Wir k\u00e4mpfen f\u00fcr soziale und wirtschaftliche Gerechtigkeit sowie Selbstbestimmung und Teilhabe f\u00fcr jede\/n, f\u00fcr Respekt gegen\u00fcber der Natur und dem Klimawandel. Wir denken diese zusammen und m\u00f6chten nicht das Eine gegen das Andere ausgespielt sehen. Wir sehen hier regional mitentscheidende Bet\u00e4tigungsfelder\u201c, hei\u00dft in einer aktuellen Meldung des Ortsverbands.<\/p>\n<p>Die sch\u00f6ne Naturlandschaft sei die Lebensgrundlage und auch Basis aller Werbung f\u00fcr sanften Tourismus. Es k\u00f6nne daher aus Sicht der Gr\u00fcnen nicht angehen, dass die vor Jahrzehnten geplante Verlegung der B 208 als Umgehungsstra\u00dfe wieder hervorgeholt werden soll. \u201eEin Projekt, f\u00fcr das es weder Bedarf gibt, dessen bisherige Kostensch\u00e4tzungen mittlerweile \u00fcberholt und zu niedrig angesetzt sein werden, vor allem aber, das massive Eingriffe in eine sensible Naturlandschaft bedeutet\u201c, argumentierten die Gr\u00fcnen. Ratzeburg und die von dort mit einbezogenen Gemeinden sollten demnach im Sinne von Biodiversit\u00e4t, Klima- und Umweltschutz ihren Verzicht auf diese Umgehungsstra\u00dfe erkl\u00e4ren.<\/p>\n<p>Weiter hei\u00dft es: \u201eDagegen w\u00e4re es sinnvoller, Konzepte f\u00fcr den Verkehr der Zukunft zu entwerfen mit einer Verkn\u00fcpfung aus \u00d6ffentlichem Personennahverkehr (\u00d6PNV), Radverkehrsausbau und Umstiegsm\u00f6glichkeiten f\u00fcr den dann noch vorhandenen Individualverkehr. Durch den Verzicht auf die B-208-Verlegung werden Kreativit\u00e4t und Finanzen frei, die kl\u00fcger eingesetzt werden k\u00f6nnen. Die Ratzeburger Orts-SPD hat schon gute Vorschl\u00e4ge genannt, die unserer jahrelangen Vorstellung entsprechen. Auch andere Fraktionen haben fr\u00fcher Verbesserungsvorschl\u00e4ge in \u00e4hnliche Richtung ge\u00e4u\u00dfert. Dazu w\u00e4re eine verbesserte Kooperation und Abstimmung mit der Stadt M\u00f6lln und weiteren Umlandgemeinden anzustreben. Unsere Wirtschaftsbetriebe \u2013 vor allem der \u00f6rtliche Einzelhandel \u2013 sollten als ein gemeinsamer Markt gesehen und mit attraktivem \u00d6PNV verbunden werden. Dies ist mit sozialen Fragen eng verbunden; Elektroautos k\u00f6nnen keine alleinige L\u00f6sung sein, zumal sie f\u00fcr viele noch unerschwinglich sind. Regionale und \u00f6kologisch nachhaltige Arbeitsm\u00f6glichkeiten sind von Wert.<\/p>\n<p>Bauprojekte, die immer mehr Naturfl\u00e4che versiegeln, m\u00fcssen Vergangenheit sein. Dies bedarf strengerer Pr\u00fcfung als bisher. In F\u00e4llen, wie den unseligen Kahlschlagpl\u00e4nen am Ostufer des Ratzeburger Sees, sind wir entschlossen, diese mit breiter Unterst\u00fctzung abzuwehren. Gesellschaftliche Vernunft und ehrliche Interessenabw\u00e4gung sind Voraussetzungen, die wir st\u00e4rken k\u00f6nnen. Wohnen muss erschwinglich bleiben, ohne weiteren Fl\u00e4chenverbrauch.<\/p>\n<p>Dabei ist unsere Demokratie durchaus weiter entwicklungs- und verbesserungsw\u00fcrdig, damit die Menschen in all ihrer Vielfalt sich ber\u00fccksichtigt sehen. Lokal, aber dieses Jahr entscheidend auch auf Bundesebene. Bei der anstehenden Bundestagswahl wollen wir deutlich f\u00fcr unsere Visionen eintreten und werben.\u201c<\/p>\n<p>\u201eMithelfende H\u00e4nde und K\u00f6pfe sind herzlich willkommen\u201c, freuen sich dazu Sprecherin und Sprecher unseres Ortverbandes, Regine Planer-Regis (Berkenthin) und Robert Wlodarczyk (Ratzeburg) \u00fcber die bereits wachsende Gruppe der Engagierten.<\/p>\n","protected":false},"excerpt":{"rendered":"<p>Ratzeburg (pm). B\u00dcNDNIS 90 \/ DIE GR\u00dcNEN wollen mit ihrem Ortsverband f\u00fcr Ratzeburg und das n\u00f6rdliche Herzogtum Lauenburg tatkr\u00e4ftig in das Jahr 2021 starten. \u201eWir befinden uns mitten in wichtigen Auseinandersetzungen: Wie werden sich die Bedingungen f\u00fcr unsere Umwelt ver\u00e4ndern; wie kann die Demokratie gesichert und ausgebaut werden. Wir k\u00e4mpfen f\u00fcr soziale und wirtschaftliche Gerechtigkeit [&hellip;]<\/p>\n","protected":false},"author":2,"featured_media":1186,"comment_status":"open","ping_status":"closed","sticky":false,"template":"","format":"standard","meta":{"jnews-multi-image_gallery":[],"jnews_single_post":[],"jnews_primary_category":[],"jnews_social_meta":[],"jnews_override_counter":[],"jnews_post_split":[],"footnotes":""},"categories":[63,64],"tags":[1236,114,798],"class_list":["post-28146","post","type-post","status-publish","format-standard","has-post-thumbnail","hentry","category-herzogtum-lauenburg","category-ratzeburg","tag-b208","tag-ratzeburg","tag-schmilau"],"_links":{"self":[{"href":"https:\/\/herzogtum-direkt.de\/index.php\/wp-json\/wp\/v2\/posts\/28146","targetHints":{"allow":["GET"]}}],"collection":[{"href":"https:\/\/herzogtum-direkt.de\/index.php\/wp-json\/wp\/v2\/posts"}],"about":[{"href":"https:\/\/herzogtum-direkt.de\/index.php\/wp-json\/wp\/v2\/types\/post"}],"author":[{"embeddable":true,"href":"https:\/\/herzogtum-direkt.de\/index.php\/wp-json\/wp\/v2\/users\/2"}],"replies":[{"embeddable":true,"href":"https:\/\/herzogtum-direkt.de\/index.php\/wp-json\/wp\/v2\/comments?post=28146"}],"version-history":[{"count":1,"href":"https:\/\/herzogtum-direkt.de\/index.php\/wp-json\/wp\/v2\/posts\/28146\/revisions"}],"predecessor-version":[{"id":28147,"href":"https:\/\/herzogtum-direkt.de\/index.php\/wp-json\/wp\/v2\/posts\/28146\/revisions\/28147"}],"wp:featuredmedia":[{"embeddable":true,"href":"https:\/\/herzogtum-direkt.de\/index.php\/wp-json\/wp\/v2\/media\/1186"}],"wp:attachment":[{"href":"https:\/\/herzogtum-direkt.de\/index.php\/wp-json\/wp\/v2\/media?parent=28146"}],"wp:term":[{"taxonomy":"category","embeddable":true,"href":"https:\/\/herzogtum-direkt.de\/index.php\/wp-json\/wp\/v2\/categories?post=28146"},{"taxonomy":"post_tag","embeddable":true,"href":"https:\/\/herzogtum-direkt.de\/index.php\/wp-json\/wp\/v2\/tags?post=28146"}],"curies":[{"name":"wp","href":"https:\/\/api.w.org\/{rel}","templated":true}]}}