{"id":28004,"date":"2021-01-16T12:52:01","date_gmt":"2021-01-16T10:52:01","guid":{"rendered":"https:\/\/herzogtum-direkt.de\/?p=28004"},"modified":"2021-01-16T12:52:01","modified_gmt":"2021-01-16T10:52:01","slug":"christopher-vogt-lobt-arbeit-des-impfzentrums-in-alt-moelln","status":"publish","type":"post","link":"https:\/\/herzogtum-direkt.de\/index.php\/2021\/01\/16\/christopher-vogt-lobt-arbeit-des-impfzentrums-in-alt-moelln\/","title":{"rendered":"Christopher Vogt lobt Arbeit des Impfzentrums in Alt-M\u00f6lln"},"content":{"rendered":"<p><strong>Alt-M\u00f6lln (pm).<\/strong> Der FDP-Fraktionsvorsitzende im Landtag, Christopher Vogt, hat am Mittwoch gemeinsam mit Landrat Dr. Christoph Mager das Impfzentrum in Alt-M\u00f6lln besucht und sich \u00fcber die dortigen Abl\u00e4ufe informiert. \u00dcber seine Eindr\u00fccke sagt er: &#8222;In dem Impfzentrum, das in Absprache mit dem Landesgesundheitsministerium sehr schnell aufgebaut werden konnte, l\u00e4uft bisher alles reibungslos.&#8220;<\/p>\n<p>Vogt weiter: &#8222;Mein herzlicher Dank geht an den Kreis Herzogtum Lauenburg, das Technische Hilfswerk, das Deutsche Rote Kreuz, die kassen\u00e4rztliche Vereinigung, unsere Bundeswehr und nat\u00fcrlich die Freiwilligen, die sich hier einbringen. Es macht alles einen wirklich guten Eindruck. Jetzt muss nur noch mehr Impfstoff geliefert werden, damit die Auslastung hochgefahren werden und alles deutlich schneller vorangehen kann.Neben den mobilen Impfteams, die seit Ende Dezember in den Heimen unterwegs sind, w\u00e4re es bei drei behandelnden \u00c4rztinnen und \u00c4rzten im Alt-M\u00f6llner Impfzentrum m\u00f6glich, zwischen 400 und500 Impfungen t\u00e4glich durchzuf\u00fchren.<\/p>\n<p>Aktuell wird das Zentrum auch durch Bundeswehrsoldaten des Standortes Hagenow unterst\u00fctzt. Die Soldaten helfen beim Empfang und der Anmeldung: Fieber messen, Personalisierung, \u00dcberpr\u00fcfen der Unterlagen auf Vollst\u00e4ndigkeit, Datenschutzerkl\u00e4rung und Aush\u00e4ndigung des Aufkl\u00e4rungsblattes. Zudem unterst\u00fctzt die Bundeswehr das Gesundheitsamt des Kreises bei der Kontaktnachverfolgung. Die Resonanz gegen\u00fcber dem Personalim Impfzentrum ist sehr wertsch\u00e4tzend und positiv. Bisher ist es gelungen, jede der Impfdosen auch vollst\u00e4ndig zu nutzen. Sollten vorhandene Impfdosen nicht vollst\u00e4ndig an die Impfberechtigten verimpft werden k\u00f6nnen, die einen Termin haben, kommen kurzfristig Pflege-oder Sanit\u00e4tskr\u00e4fte entsprechend einer Priorit\u00e4tenliste zum Zuge.<\/p>\n<p>Das sehr gro\u00dfe Interesse bei den bisherigen Impfberechtigten weist auf eine sehr hohe Impfbereitschaft in dieser Gruppe hin. Beider Impfquote liegt Schleswig-Holstein bisher bundesweit auf dem zweiten Platz. Ich freue mich sehr, dass die Terminvergabe durch das Land zeitnah noch einmal verbessert wird, um Frust bei der Anmeldung zuk\u00fcnftig vermeiden zu k\u00f6nnen. Das Kernproblem bleiben jedoch die bisher sehr geringen Impfstofflieferungen durch die Bundesregierung.\u201c<\/p>\n","protected":false},"excerpt":{"rendered":"<p>Alt-M\u00f6lln (pm). Der FDP-Fraktionsvorsitzende im Landtag, Christopher Vogt, hat am Mittwoch gemeinsam mit Landrat Dr. Christoph Mager das Impfzentrum in Alt-M\u00f6lln besucht und sich \u00fcber die dortigen Abl\u00e4ufe informiert. \u00dcber seine Eindr\u00fccke sagt er: &#8222;In dem Impfzentrum, das in Absprache mit dem Landesgesundheitsministerium sehr schnell aufgebaut werden konnte, l\u00e4uft bisher alles reibungslos.&#8220; Vogt weiter: &#8222;Mein [&hellip;]<\/p>\n","protected":false},"author":2,"featured_media":28005,"comment_status":"open","ping_status":"closed","sticky":false,"template":"","format":"standard","meta":{"jnews-multi-image_gallery":[],"jnews_single_post":[],"jnews_primary_category":[],"jnews_social_meta":[],"jnews_override_counter":[],"jnews_post_split":[],"footnotes":""},"categories":[68,63],"tags":[2630,318,2935],"class_list":["post-28004","post","type-post","status-publish","format-standard","has-post-thumbnail","hentry","category-amt-breitenfelde","category-herzogtum-lauenburg","tag-corona","tag-impfen","tag-impfzentrum"],"_links":{"self":[{"href":"https:\/\/herzogtum-direkt.de\/index.php\/wp-json\/wp\/v2\/posts\/28004","targetHints":{"allow":["GET"]}}],"collection":[{"href":"https:\/\/herzogtum-direkt.de\/index.php\/wp-json\/wp\/v2\/posts"}],"about":[{"href":"https:\/\/herzogtum-direkt.de\/index.php\/wp-json\/wp\/v2\/types\/post"}],"author":[{"embeddable":true,"href":"https:\/\/herzogtum-direkt.de\/index.php\/wp-json\/wp\/v2\/users\/2"}],"replies":[{"embeddable":true,"href":"https:\/\/herzogtum-direkt.de\/index.php\/wp-json\/wp\/v2\/comments?post=28004"}],"version-history":[{"count":1,"href":"https:\/\/herzogtum-direkt.de\/index.php\/wp-json\/wp\/v2\/posts\/28004\/revisions"}],"predecessor-version":[{"id":28006,"href":"https:\/\/herzogtum-direkt.de\/index.php\/wp-json\/wp\/v2\/posts\/28004\/revisions\/28006"}],"wp:featuredmedia":[{"embeddable":true,"href":"https:\/\/herzogtum-direkt.de\/index.php\/wp-json\/wp\/v2\/media\/28005"}],"wp:attachment":[{"href":"https:\/\/herzogtum-direkt.de\/index.php\/wp-json\/wp\/v2\/media?parent=28004"}],"wp:term":[{"taxonomy":"category","embeddable":true,"href":"https:\/\/herzogtum-direkt.de\/index.php\/wp-json\/wp\/v2\/categories?post=28004"},{"taxonomy":"post_tag","embeddable":true,"href":"https:\/\/herzogtum-direkt.de\/index.php\/wp-json\/wp\/v2\/tags?post=28004"}],"curies":[{"name":"wp","href":"https:\/\/api.w.org\/{rel}","templated":true}]}}