{"id":27997,"date":"2021-01-15T12:48:10","date_gmt":"2021-01-15T10:48:10","guid":{"rendered":"https:\/\/herzogtum-direkt.de\/?p=27997"},"modified":"2021-01-15T12:48:10","modified_gmt":"2021-01-15T10:48:10","slug":"corona-impfzentrum-nord-seit-zwei-wochen-in-betrieb-infektionszahlen-leicht-sinkend","status":"publish","type":"post","link":"https:\/\/herzogtum-direkt.de\/index.php\/2021\/01\/15\/corona-impfzentrum-nord-seit-zwei-wochen-in-betrieb-infektionszahlen-leicht-sinkend\/","title":{"rendered":"Corona-Impfzentrum Nord seit zwei Wochen in Betrieb \u2013 Infektionszahlen leicht sinkend"},"content":{"rendered":"<p><strong>Herzogtum Lauenburg (pm).<\/strong> Das Impfzentrum Nord des Kreises Herzogtum Lauenburg in Alt-M\u00f6lln hat vor knapp zwei Wochen den Betrieb aufgenommen. Seit dem 4. Januar werden t\u00e4glich am Nachmittag Impfberechtigte mit dem SARS-CoV-2-Impfstoff von Pfizer\/Biontech versorgt. Aufgrund der noch knappen Impfstoffversorgung sind die Termine, die man ausschlie\u00dflich \u00fcber die Rufnummern 116 117 oder 0800 455 655 0 sowie im Internet unter <a href=\"http:\/\/www.impfen-sh.de\" target=\"_blank\" rel=\"noopener\">www.impfen-sh.de<\/a> buchen kann, rar und begehrt.<\/p>\n<p>\u201eLeider haben wir keinen Einfluss auf die Impfstoffmengen, die dem Kreis Herzogtum Lauenburg t\u00e4glich zur Verf\u00fcgung gestellt werden,&#8220; erkl\u00e4rt Landrat Dr. Christoph Mager. \u201eJede Impfdosis, die das Impfzentrum erreicht, wird auch verimpft. Das Impfzentrum Nord in Alt-M\u00f6lln, l\u00e4uft wegen der eingeschr\u00e4nkten Impfstoffmenge derzeit etwa auf einem Viertel der m\u00f6glichen Kapazit\u00e4t. Au\u00dferdem ist das Impfzentrum S\u00fcd in Geesthacht ebenfalls einsatzbereit und noch einmal um eine ganze Impflinie gr\u00f6\u00dfer als das Impfzentrum Nord.&#8220;<\/p>\n<p>Wie \u00fcberall in Schleswig-Holstein wurde im Kreis Herzogtum Lauenburg zun\u00e4chst mit nur einem Impfzentrum begonnen. Zun\u00e4chst das Impfzentrum Nord zu \u00f6ffnen hatte logistische Gr\u00fcnde: \u201eDie mobilen Impfteams, die in die Alten- und Pflegeheime fahren um die besonders gef\u00e4hrdeten Personengruppen zu versorgen, haben ihr Logistikzentrum am Impfzentrum Nord und versorgen sich von dort aus mit der t\u00e4glichen Impfstoffmenge f\u00fcr ihre Touren.&#8220;<\/p>\n<p>Die Impfstrategie des Landes, zun\u00e4chst die Alten- und Pflegeheime mit mobilen Impfteams anzulaufen, bezeichnete Mager als sehr erfolgreich: \u201eIm Kreis Herzogtum Lauenburg sind Stand heute durch drei mobile Impfteams 73 Prozent der Pflegeheime angefahren worden. Am 15. Januar werden weitere sechs Pflegeheime aufgesucht.&#8220;<\/p>\n<p>Voraussichtlich Anfang kommender Woche werden alle Bewohner in Pflegeheimen die Erstimpfung erhalten haben \u2013 sofern sie eingewilligt haben und die Einrichtung nicht von einem Corona-Ausbruch betroffen ist. \u201eDamit haben die Menschen, die nach den bisherigen Erfahrungen in der Pandemie das h\u00f6chste Risiko haben, den besten Schutz erhalten. Allein in den letzten vierzehn Tagen sind zw\u00f6lf Bewohner aus Alten- und Pflegeheimen im Kreis verstorben. Den Schwerpunkt auf diese Bev\u00f6lkerungsgruppe zu legen war deshalb richtig \u2013 auch wenn dies zur Konsequenz hat, dass zun\u00e4chst weniger Impfstoff in den Impfzentren zur Verf\u00fcgung steht, f\u00fcr den Termine gebucht werden k\u00f6nnen&#8220;, so Mager weiter.<\/p>\n<p>\u201eBei w\u00f6chentlich rund 420 Impfdosen, also 60 am Tag, macht es auch keinen Sinn, das zweite vorgesehene Impfzentrum in Geesthacht zu \u00f6ffnen. Zwar ist nachvollziehbar, dass sich die Menschen im S\u00fcdkreis eine Impfm\u00f6glichkeit in der N\u00e4he w\u00fcnschen. Diese wird abh\u00e4ngig von der Impfstoffversorgung des Landes voraussichtlich im Februar in Geesthacht auch er\u00f6ffnet. Vorgesehen sind dann zwei Impflinien in Geesthacht \u2013 neben einer Impflinie in Alt-M\u00f6lln.&#8220;<\/p>\n<p>Die Impfzentren k\u00f6nnen sieben Tage in der Woche mit \u00f6ffentlichen Verkehrsmitteln erreicht werden und bieten ausreichend Parkraum f\u00fcr Besucher. Impftermine k\u00f6nnen vor Ort nicht gebucht werden. Personen \u00fcber 80 Jahren sollen nun ab dem 28. Januar durch das Land postalisch \u00fcber telefonische Anmeldem\u00f6glichkeiten informiert werden, die auch l\u00e4ngerfristige Termine erm\u00f6glichen.<\/p>\n<p>Mit Stand vom 14. Januar, 18.30 Uhr gab es im Kreis Herzogtum Lauenburg insgesamt 2143 labordiagnostisch best\u00e4tigte F\u00e4lle einer SARS-CoV-2-Infektion, 17 mehr als am Vortag. An der Erkrankung verstarben bisher 43 Personen im Kreis, als genesen gelten derzeit 1707 Personen. Die 7-Tage-Inzidenz sinkt damit f\u00fcr Freitag, 15.01.2021 auf 80,8 Neuinfektionen je 100.000 Einwohner in den letzten sieben Tagen.<\/p>\n<p>Alle Informationen zu Corona im Kreis Herzogtum Lauenburg unter <a href=\"http:\/\/www.kreis-rz.de\/corona\" target=\"_blank\" rel=\"noopener\">www.kreis-rz.de\/corona<\/a>.<\/p>\n","protected":false},"excerpt":{"rendered":"<p>Herzogtum Lauenburg (pm). Das Impfzentrum Nord des Kreises Herzogtum Lauenburg in Alt-M\u00f6lln hat vor knapp zwei Wochen den Betrieb aufgenommen. Seit dem 4. Januar werden t\u00e4glich am Nachmittag Impfberechtigte mit dem SARS-CoV-2-Impfstoff von Pfizer\/Biontech versorgt. Aufgrund der noch knappen Impfstoffversorgung sind die Termine, die man ausschlie\u00dflich \u00fcber die Rufnummern 116 117 oder 0800 455 655 [&hellip;]<\/p>\n","protected":false},"author":2,"featured_media":27825,"comment_status":"open","ping_status":"closed","sticky":false,"template":"","format":"standard","meta":{"jnews-multi-image_gallery":[],"jnews_single_post":[],"jnews_primary_category":[],"jnews_social_meta":[],"jnews_override_counter":[],"jnews_post_split":[],"footnotes":""},"categories":[75,2],"tags":[2630,2666,318,2935],"class_list":["post-27997","post","type-post","status-publish","format-standard","has-post-thumbnail","hentry","category-gesundheit","category-startseite","tag-corona","tag-covid-19","tag-impfen","tag-impfzentrum"],"_links":{"self":[{"href":"https:\/\/herzogtum-direkt.de\/index.php\/wp-json\/wp\/v2\/posts\/27997","targetHints":{"allow":["GET"]}}],"collection":[{"href":"https:\/\/herzogtum-direkt.de\/index.php\/wp-json\/wp\/v2\/posts"}],"about":[{"href":"https:\/\/herzogtum-direkt.de\/index.php\/wp-json\/wp\/v2\/types\/post"}],"author":[{"embeddable":true,"href":"https:\/\/herzogtum-direkt.de\/index.php\/wp-json\/wp\/v2\/users\/2"}],"replies":[{"embeddable":true,"href":"https:\/\/herzogtum-direkt.de\/index.php\/wp-json\/wp\/v2\/comments?post=27997"}],"version-history":[{"count":1,"href":"https:\/\/herzogtum-direkt.de\/index.php\/wp-json\/wp\/v2\/posts\/27997\/revisions"}],"predecessor-version":[{"id":27998,"href":"https:\/\/herzogtum-direkt.de\/index.php\/wp-json\/wp\/v2\/posts\/27997\/revisions\/27998"}],"wp:featuredmedia":[{"embeddable":true,"href":"https:\/\/herzogtum-direkt.de\/index.php\/wp-json\/wp\/v2\/media\/27825"}],"wp:attachment":[{"href":"https:\/\/herzogtum-direkt.de\/index.php\/wp-json\/wp\/v2\/media?parent=27997"}],"wp:term":[{"taxonomy":"category","embeddable":true,"href":"https:\/\/herzogtum-direkt.de\/index.php\/wp-json\/wp\/v2\/categories?post=27997"},{"taxonomy":"post_tag","embeddable":true,"href":"https:\/\/herzogtum-direkt.de\/index.php\/wp-json\/wp\/v2\/tags?post=27997"}],"curies":[{"name":"wp","href":"https:\/\/api.w.org\/{rel}","templated":true}]}}