{"id":27340,"date":"2020-12-03T12:18:08","date_gmt":"2020-12-03T10:18:08","guid":{"rendered":"https:\/\/herzogtum-direkt.de\/?p=27340"},"modified":"2020-12-03T12:18:08","modified_gmt":"2020-12-03T10:18:08","slug":"michael-harder-nach-erfolgreicher-probezeit-zum-sonderschulrektor-der-hachede-schule-geesthacht-ernannt","status":"publish","type":"post","link":"https:\/\/herzogtum-direkt.de\/index.php\/2020\/12\/03\/michael-harder-nach-erfolgreicher-probezeit-zum-sonderschulrektor-der-hachede-schule-geesthacht-ernannt\/","title":{"rendered":"Michael Harder nach erfolgreicher Probezeit zum Sonderschulrektor der Hachede-Schule Geesthacht ernannt"},"content":{"rendered":"<p><strong>Geesthacht (pm).<\/strong> In 23 Jahren vom Lehramtsanw\u00e4rter zum Sonderschulrektor, diesen Weg vollendete Michael Harder am Dienstag, 1. Dezember 2020, in Ratzeburg mit der Ernennung auf Lebenszeit durch Schulr\u00e4tin Katrin Thomas. Seit 1997, damals 29 Jahre alt, ist Michael Harder an der Geesthachter Hachede-Schule, einem F\u00f6rderzentrum mit dem Schwerpunkt geistige Entwicklung, aktiv. Gestartet als Anw\u00e4rter \u00fcbernahm er bereits im Jahr 2003 Verantwortung als Konrektor. Zun\u00e4chst kommissarisch, ab 2005 dann als Amtsinhaber. Fast vierzehn Jahre sp\u00e4ter \u00fcbernahm Michael Harder dann die Dienstgesch\u00e4fte der Schulleitung und startete im Mai 2019 in die Probezeit als neuer Sonderschulrektor.<\/p>\n<p>\u201eEr verbindet seine Visionen mit einem realistischen Sinn f\u00fcr das praktisch Machbare; auf diese Weise ist er pragmatisch innovativ und entwickelt die Hachede-Schule Schritt f\u00fcr Schritt weiter,\u201c urteilte Katrin Thomas zum Abschluss der Probezeit. Das Kollegium f\u00fchlt sich nach Einsch\u00e4tzung der Schulr\u00e4tin unter seiner F\u00fchrung wertgesch\u00e4tzt, gut aufgehoben und unterst\u00fctzt. \u201eHerr Harder erf\u00fcllt eine Vorbildfunktion durch seine hohe fachliche Kompetenz und sein gro\u00dfes Engagement; das Arbeitsklima wird als \u00e4u\u00dferst positiv beschrieben,\u201c so Schulr\u00e4tin Thomas weiter.<\/p>\n<p>Auch Landrat Dr. Christoph Mager gratulierte zur Ernennung, der Kreis Herzogtum Lauenburg ist Tr\u00e4ger der Hachede-Schule wodurch eine enge Zusammenarbeit zwischen Kreisverwaltung und Schulleitung besonders wichtig ist: \u201eIch freue mich, dass wir mit Herrn Harder einen zuverl\u00e4ssigen, l\u00f6sungsorientierten Partner als Schulleiter f\u00fcr unsere Schule haben. Im Hinblick auf die anstehenden Bauma\u00dfnahmen an der Schule, ob Sanierung oder Erweiterung, ist es enorm wichtig, sich aufeinander verlassen zu k\u00f6nnen und sich auch kurzfristig l\u00f6sungsorientiert abstimmen zu k\u00f6nnen.\u201c<\/p>\n","protected":false},"excerpt":{"rendered":"<p>Geesthacht (pm). In 23 Jahren vom Lehramtsanw\u00e4rter zum Sonderschulrektor, diesen Weg vollendete Michael Harder am Dienstag, 1. Dezember 2020, in Ratzeburg mit der Ernennung auf Lebenszeit durch Schulr\u00e4tin Katrin Thomas. Seit 1997, damals 29 Jahre alt, ist Michael Harder an der Geesthachter Hachede-Schule, einem F\u00f6rderzentrum mit dem Schwerpunkt geistige Entwicklung, aktiv. Gestartet als Anw\u00e4rter \u00fcbernahm [&hellip;]<\/p>\n","protected":false},"author":2,"featured_media":27341,"comment_status":"open","ping_status":"closed","sticky":false,"template":"","format":"standard","meta":{"jnews-multi-image_gallery":[],"jnews_single_post":[],"jnews_primary_category":[],"jnews_social_meta":[],"jnews_override_counter":[],"jnews_post_split":[],"footnotes":""},"categories":[2625,63],"tags":[249,1922],"class_list":["post-27340","post","type-post","status-publish","format-standard","has-post-thumbnail","hentry","category-geesthacht","category-herzogtum-lauenburg","tag-geesthacht","tag-hachede-schule"],"_links":{"self":[{"href":"https:\/\/herzogtum-direkt.de\/index.php\/wp-json\/wp\/v2\/posts\/27340","targetHints":{"allow":["GET"]}}],"collection":[{"href":"https:\/\/herzogtum-direkt.de\/index.php\/wp-json\/wp\/v2\/posts"}],"about":[{"href":"https:\/\/herzogtum-direkt.de\/index.php\/wp-json\/wp\/v2\/types\/post"}],"author":[{"embeddable":true,"href":"https:\/\/herzogtum-direkt.de\/index.php\/wp-json\/wp\/v2\/users\/2"}],"replies":[{"embeddable":true,"href":"https:\/\/herzogtum-direkt.de\/index.php\/wp-json\/wp\/v2\/comments?post=27340"}],"version-history":[{"count":1,"href":"https:\/\/herzogtum-direkt.de\/index.php\/wp-json\/wp\/v2\/posts\/27340\/revisions"}],"predecessor-version":[{"id":27342,"href":"https:\/\/herzogtum-direkt.de\/index.php\/wp-json\/wp\/v2\/posts\/27340\/revisions\/27342"}],"wp:featuredmedia":[{"embeddable":true,"href":"https:\/\/herzogtum-direkt.de\/index.php\/wp-json\/wp\/v2\/media\/27341"}],"wp:attachment":[{"href":"https:\/\/herzogtum-direkt.de\/index.php\/wp-json\/wp\/v2\/media?parent=27340"}],"wp:term":[{"taxonomy":"category","embeddable":true,"href":"https:\/\/herzogtum-direkt.de\/index.php\/wp-json\/wp\/v2\/categories?post=27340"},{"taxonomy":"post_tag","embeddable":true,"href":"https:\/\/herzogtum-direkt.de\/index.php\/wp-json\/wp\/v2\/tags?post=27340"}],"curies":[{"name":"wp","href":"https:\/\/api.w.org\/{rel}","templated":true}]}}