{"id":27230,"date":"2020-11-27T09:16:02","date_gmt":"2020-11-27T07:16:02","guid":{"rendered":"https:\/\/herzogtum-direkt.de\/?p=27230"},"modified":"2020-11-27T09:16:02","modified_gmt":"2020-11-27T07:16:02","slug":"vereinigte-stadtwerke-ueberreichte-erste-hilfe-taschen-an-kindertagesstaette-zwergenstuebchen","status":"publish","type":"post","link":"https:\/\/herzogtum-direkt.de\/index.php\/2020\/11\/27\/vereinigte-stadtwerke-ueberreichte-erste-hilfe-taschen-an-kindertagesstaette-zwergenstuebchen\/","title":{"rendered":"Vereinigte Stadtwerke \u00fcberreichte Erste-Hilfe-Taschen an Kindertagesst\u00e4tte &#8218;Zwergenst\u00fcbchen&#8216;"},"content":{"rendered":"<p><strong>Gudow (pm).<\/strong> Die Vereinigte Stadtwerke GmbH (VS) verteilte in der Kindertagesst\u00e4tte \u201eZwergenst\u00fcbchen\u201c in Gudow die ersehnten Erste-Hilfe-Taschen. \u201eAlle Gruppen aus der Kita haben nun ihre eigenen Taschen erhalten, die mit allem ausgestattet sind, um im Notfall oder auch bei kleineren Wehwehchen schnell Abhilfe zu schaffen,\u201c berichtet Thomas Wolff, Vater zweier T\u00f6chter aus der Kindertagesst\u00e4tte. Auf seine Initiative hin, wurde die VS um eine Spende gebeten und war gerne sofort zur Stelle.<\/p>\n<p>Das Maskottchen der VS, der Teddy Eddi, war als pers\u00f6nlicher \u00dcberbringer vor Ort und schaute in die strahlenden Gesichter von Mia-Sophie und Marie-Louise, die beiden T\u00f6chter von Thomas Wolff, die den Teddy schon sehns\u00fcchtig am Eingang erwarteten. Die beiden M\u00e4dchen \u00fcbernahmen die Spende und brachten die Taschen sofort in ihre Gruppen.<\/p>\n<p>Eine Ehrenrunde mit Eddi durch die Kita durfte im Anschluss nicht fehlen, um sich davon zu \u00fcberzeugen, dass alle Taschen an ihren Pl\u00e4tzen angekommen sind. Dar\u00fcber freuten sich nicht nur die anderen Kinder, die Eddi gleich mit Fragen \u00fcberh\u00e4uften, wie \u201eGehst Du denn gleich wieder in den Wald zur\u00fcck?\u201c oder \u201eWarum bist Du denn so gro\u00df? Hast Du immer viel Gem\u00fcse gegessen?\u201c. Auch die Gruppenleiterinnen waren hellauf begeistert von dem Besuch und bedankten sich f\u00fcr die hilfreiche Spende. \u201eDie Taschen enthalten nicht nur das ben\u00f6tigte Erste-Hilfe-Material f\u00fcr den Ernstfall, hier sind auch Taschent\u00fccher hinterlegt und bebilderte Pflaster, die auch jedes kleine Malheur schnell wieder vergessen lassen,\u201c freut sich die Kita-Leiterin, D\u00f6rte D\u00f6ffinger.<\/p>\n","protected":false},"excerpt":{"rendered":"<p>Gudow (pm). Die Vereinigte Stadtwerke GmbH (VS) verteilte in der Kindertagesst\u00e4tte \u201eZwergenst\u00fcbchen\u201c in Gudow die ersehnten Erste-Hilfe-Taschen. \u201eAlle Gruppen aus der Kita haben nun ihre eigenen Taschen erhalten, die mit allem ausgestattet sind, um im Notfall oder auch bei kleineren Wehwehchen schnell Abhilfe zu schaffen,\u201c berichtet Thomas Wolff, Vater zweier T\u00f6chter aus der Kindertagesst\u00e4tte. Auf [&hellip;]<\/p>\n","protected":false},"author":2,"featured_media":27231,"comment_status":"open","ping_status":"closed","sticky":false,"template":"","format":"standard","meta":{"jnews-multi-image_gallery":[],"jnews_single_post":[],"jnews_primary_category":[],"jnews_social_meta":[],"jnews_override_counter":[],"jnews_post_split":[],"footnotes":""},"categories":[2650,63],"tags":[242],"class_list":["post-27230","post","type-post","status-publish","format-standard","has-post-thumbnail","hentry","category-buechen","category-herzogtum-lauenburg","tag-gudow"],"_links":{"self":[{"href":"https:\/\/herzogtum-direkt.de\/index.php\/wp-json\/wp\/v2\/posts\/27230","targetHints":{"allow":["GET"]}}],"collection":[{"href":"https:\/\/herzogtum-direkt.de\/index.php\/wp-json\/wp\/v2\/posts"}],"about":[{"href":"https:\/\/herzogtum-direkt.de\/index.php\/wp-json\/wp\/v2\/types\/post"}],"author":[{"embeddable":true,"href":"https:\/\/herzogtum-direkt.de\/index.php\/wp-json\/wp\/v2\/users\/2"}],"replies":[{"embeddable":true,"href":"https:\/\/herzogtum-direkt.de\/index.php\/wp-json\/wp\/v2\/comments?post=27230"}],"version-history":[{"count":1,"href":"https:\/\/herzogtum-direkt.de\/index.php\/wp-json\/wp\/v2\/posts\/27230\/revisions"}],"predecessor-version":[{"id":27232,"href":"https:\/\/herzogtum-direkt.de\/index.php\/wp-json\/wp\/v2\/posts\/27230\/revisions\/27232"}],"wp:featuredmedia":[{"embeddable":true,"href":"https:\/\/herzogtum-direkt.de\/index.php\/wp-json\/wp\/v2\/media\/27231"}],"wp:attachment":[{"href":"https:\/\/herzogtum-direkt.de\/index.php\/wp-json\/wp\/v2\/media?parent=27230"}],"wp:term":[{"taxonomy":"category","embeddable":true,"href":"https:\/\/herzogtum-direkt.de\/index.php\/wp-json\/wp\/v2\/categories?post=27230"},{"taxonomy":"post_tag","embeddable":true,"href":"https:\/\/herzogtum-direkt.de\/index.php\/wp-json\/wp\/v2\/tags?post=27230"}],"curies":[{"name":"wp","href":"https:\/\/api.w.org\/{rel}","templated":true}]}}