{"id":26899,"date":"2020-11-08T13:51:32","date_gmt":"2020-11-08T11:51:32","guid":{"rendered":"https:\/\/herzogtum-direkt.de\/?p=26899"},"modified":"2020-11-10T10:23:27","modified_gmt":"2020-11-10T08:23:27","slug":"omas-gegen-rechts-ein-video-auf-youtube-zum-9-november","status":"publish","type":"post","link":"https:\/\/herzogtum-direkt.de\/index.php\/2020\/11\/08\/omas-gegen-rechts-ein-video-auf-youtube-zum-9-november\/","title":{"rendered":"&#8218;Omas gegen Rechts&#8216; ein Video auf YouTube zum 9. November"},"content":{"rendered":"<p><strong>Herzogtum Lauenburg (pm).<\/strong> Am 9. November ist ein Gedenktag, der an ganz verschiedene wichtige geschichtliche Ereignisse in Deutschland erinnert, die auch heute noch f\u00fcr uns von gr0\u00dfer Bedeutung sind. Die &#8218;Omas gegen Rechts&#8216; haben sich mit den verschiedenen Ereignissen des 9. November intensiv besch\u00e4ftigt, zum Beispiel der Gr\u00fcndung der deutschen Republik 1918 und dem Mauerfall 1989. Gerade der Mauerfall ist allen ja noch sehr pr\u00e4gnant im Ged\u00e4chtnis.<\/p>\n<p>Aus diesem Anlass haben die &#8218;Omas&#8216; ein YouTube Video mit kurzen pers\u00f6nlichen Statements von einzelnen &#8218;Omas&#8216; aufgenommen. Dazu Elke Hagenah, eine der &#8218;Omas&#8216;: \u201eEs ist uns wichtig, unsere Stimme zu erheben. Die Geschehnisse am 9. November stehen f\u00fcr wichtige geschichtliche Ereignisse, die unsere Geschichte in Deutschland mal zum Schlechten und mal zum Guten gepr\u00e4gt haben\u201c.<\/p>\n<p>Die &#8218;Omas&#8216; freuen sich, wenn dieses Video zahlreich gesehen und weiterverbreitet wird.<br \/>\nWer mit den &#8218;Omas&#8216; Kontakt aufnehmen will schreibe bitte an:<\/p>\n<p><a href=\"mailto:omas-gegen-rechts-krs-hzgt-lauenburg@ok.de\">omas-gegen-rechts-krs-hzgt-lauenburg@ok.de<\/a><\/p>\n<p>&#8218;Omas gegen Rechts&#8216; ist eine zivilgesellschaftliche \u00fcberparteiliche Initiative. Die OMAS wollen Missst\u00e4nde mit geeigneten Methoden \u00f6ffentlich machen und politischen Widerstand gegen jede Form von Ausgrenzung und Rassismus organisieren.<\/p>\n","protected":false},"excerpt":{"rendered":"<p>Herzogtum Lauenburg (pm). Am 9. November ist ein Gedenktag, der an ganz verschiedene wichtige geschichtliche Ereignisse in Deutschland erinnert, die auch heute noch f\u00fcr uns von gr0\u00dfer Bedeutung sind. Die &#8218;Omas gegen Rechts&#8216; haben sich mit den verschiedenen Ereignissen des 9. November intensiv besch\u00e4ftigt, zum Beispiel der Gr\u00fcndung der deutschen Republik 1918 und dem Mauerfall [&hellip;]<\/p>\n","protected":false},"author":2,"featured_media":26901,"comment_status":"open","ping_status":"closed","sticky":false,"template":"","format":"video","meta":{"jnews-multi-image_gallery":[],"jnews_single_post":[],"jnews_primary_category":[],"jnews_social_meta":[],"jnews_override_counter":[],"jnews_post_split":[],"footnotes":""},"categories":[65,68,2652,69,67,2650,2625,63,2626,66,64,2646,2],"tags":[2781],"class_list":["post-26899","post","type-post","status-publish","format-video","has-post-thumbnail","hentry","category-amt-berkenthin","category-amt-breitenfelde","category-amt-hohe-elbgeest","category-amt-lauenburgische-seen","category-amt-sandesneben-nusse","category-buechen","category-geesthacht","category-herzogtum-lauenburg","category-lauenburg","category-moelln","category-ratzeburg","category-schwarzenbek","category-startseite","tag-omas-gegen-rechts","post_format-post-format-video"],"_links":{"self":[{"href":"https:\/\/herzogtum-direkt.de\/index.php\/wp-json\/wp\/v2\/posts\/26899","targetHints":{"allow":["GET"]}}],"collection":[{"href":"https:\/\/herzogtum-direkt.de\/index.php\/wp-json\/wp\/v2\/posts"}],"about":[{"href":"https:\/\/herzogtum-direkt.de\/index.php\/wp-json\/wp\/v2\/types\/post"}],"author":[{"embeddable":true,"href":"https:\/\/herzogtum-direkt.de\/index.php\/wp-json\/wp\/v2\/users\/2"}],"replies":[{"embeddable":true,"href":"https:\/\/herzogtum-direkt.de\/index.php\/wp-json\/wp\/v2\/comments?post=26899"}],"version-history":[{"count":2,"href":"https:\/\/herzogtum-direkt.de\/index.php\/wp-json\/wp\/v2\/posts\/26899\/revisions"}],"predecessor-version":[{"id":26902,"href":"https:\/\/herzogtum-direkt.de\/index.php\/wp-json\/wp\/v2\/posts\/26899\/revisions\/26902"}],"wp:featuredmedia":[{"embeddable":true,"href":"https:\/\/herzogtum-direkt.de\/index.php\/wp-json\/wp\/v2\/media\/26901"}],"wp:attachment":[{"href":"https:\/\/herzogtum-direkt.de\/index.php\/wp-json\/wp\/v2\/media?parent=26899"}],"wp:term":[{"taxonomy":"category","embeddable":true,"href":"https:\/\/herzogtum-direkt.de\/index.php\/wp-json\/wp\/v2\/categories?post=26899"},{"taxonomy":"post_tag","embeddable":true,"href":"https:\/\/herzogtum-direkt.de\/index.php\/wp-json\/wp\/v2\/tags?post=26899"}],"curies":[{"name":"wp","href":"https:\/\/api.w.org\/{rel}","templated":true}]}}