{"id":26799,"date":"2020-11-03T18:12:37","date_gmt":"2020-11-03T16:12:37","guid":{"rendered":"https:\/\/herzogtum-direkt.de\/?p=26799"},"modified":"2020-11-03T18:12:37","modified_gmt":"2020-11-03T16:12:37","slug":"stadtbuecherei-schwarzenbek-erhaelt-bundesfoerderung","status":"publish","type":"post","link":"https:\/\/herzogtum-direkt.de\/index.php\/2020\/11\/03\/stadtbuecherei-schwarzenbek-erhaelt-bundesfoerderung\/","title":{"rendered":"Stadtb\u00fccherei Schwarzenbek erh\u00e4lt Bundesf\u00f6rderung"},"content":{"rendered":"<p><strong>Schwarzenbek (pm).<\/strong> \u201eDie Stadtb\u00fccherei Schwarzenbek erh\u00e4lt eine F\u00f6rderung in H\u00f6he von 6.270 Euro aus dem F\u00f6rderprogramm &#8218;Soforthilfeprogramm f\u00fcr zeitgem\u00e4\u00dfe Bibliotheken in l\u00e4ndlichen R\u00e4umen&#8216;. Das hat mir die Bundesbeauftragte f\u00fcr Kultur und Medien heute mitgeteilt&#8220;, sagt der CDU-Bundestagsabgeordnete Norbert Brackmann.<\/p>\n<p>\u201eDie F\u00f6rdersumme mag sich f\u00fcr manchen nach nicht viel anh\u00f6ren, aber auch mit solchen F\u00f6rderbetr\u00e4gen kann viel erreicht werden, wodurch wieder mehr Menschen in die Stadtb\u00fccherei gehen. Deshalb freue ich mich \u00fcber diese F\u00f6rderung besonders. Zudem ist die Stadtb\u00fccherei ein wichtiger Begegnungsort f\u00fcr die Menschen, gerade in l\u00e4ndlichen R\u00e4umen, wo viele Veranstaltungen das kulturelle Leben bereichern&#8220;, sagt der CDU-Politiker Norbert Brackmann.<\/p>\n<p>Das Soforthilfeprogramm wurde vom Bund im Rahmen des Programms \u201eKultur in l\u00e4ndlichen R\u00e4umen&#8220; in H\u00f6he von 1,5 Millionen Euro gef\u00f6rdert. Ziel ist es, die Infrastruktur und Ausstattung von Bibliotheken zu verbessern. Darunter fallen etwa die Bereitstellung von Technik und digitalen Angeboten, die Schaffung von Barrierefreiheit oder die Erweiterung der Nutzfl\u00e4chen.<\/p>\n<p>N\u00e4heres findet sich auf der Internetseite unter <a href=\"https:\/\/www.bibliotheksverband.de\/dbv\/projekte\/vor-ort-fuer-alle.html\" target=\"_blank\" rel=\"noopener noreferrer\">https:\/\/www.bibliotheksverband.de\/dbv\/projekte\/vor-ort-fuer-alle.html<\/a><\/p>\n","protected":false},"excerpt":{"rendered":"<p>Schwarzenbek (pm). \u201eDie Stadtb\u00fccherei Schwarzenbek erh\u00e4lt eine F\u00f6rderung in H\u00f6he von 6.270 Euro aus dem F\u00f6rderprogramm &#8218;Soforthilfeprogramm f\u00fcr zeitgem\u00e4\u00dfe Bibliotheken in l\u00e4ndlichen R\u00e4umen&#8216;. Das hat mir die Bundesbeauftragte f\u00fcr Kultur und Medien heute mitgeteilt&#8220;, sagt der CDU-Bundestagsabgeordnete Norbert Brackmann. \u201eDie F\u00f6rdersumme mag sich f\u00fcr manchen nach nicht viel anh\u00f6ren, aber auch mit solchen F\u00f6rderbetr\u00e4gen kann [&hellip;]<\/p>\n","protected":false},"author":2,"featured_media":1186,"comment_status":"open","ping_status":"closed","sticky":false,"template":"","format":"standard","meta":{"jnews-multi-image_gallery":[],"jnews_single_post":[],"jnews_primary_category":[],"jnews_social_meta":[],"jnews_override_counter":[],"jnews_post_split":[],"footnotes":""},"categories":[63,2646],"tags":[252],"class_list":["post-26799","post","type-post","status-publish","format-standard","has-post-thumbnail","hentry","category-herzogtum-lauenburg","category-schwarzenbek","tag-schwarzenbek"],"_links":{"self":[{"href":"https:\/\/herzogtum-direkt.de\/index.php\/wp-json\/wp\/v2\/posts\/26799","targetHints":{"allow":["GET"]}}],"collection":[{"href":"https:\/\/herzogtum-direkt.de\/index.php\/wp-json\/wp\/v2\/posts"}],"about":[{"href":"https:\/\/herzogtum-direkt.de\/index.php\/wp-json\/wp\/v2\/types\/post"}],"author":[{"embeddable":true,"href":"https:\/\/herzogtum-direkt.de\/index.php\/wp-json\/wp\/v2\/users\/2"}],"replies":[{"embeddable":true,"href":"https:\/\/herzogtum-direkt.de\/index.php\/wp-json\/wp\/v2\/comments?post=26799"}],"version-history":[{"count":1,"href":"https:\/\/herzogtum-direkt.de\/index.php\/wp-json\/wp\/v2\/posts\/26799\/revisions"}],"predecessor-version":[{"id":26800,"href":"https:\/\/herzogtum-direkt.de\/index.php\/wp-json\/wp\/v2\/posts\/26799\/revisions\/26800"}],"wp:featuredmedia":[{"embeddable":true,"href":"https:\/\/herzogtum-direkt.de\/index.php\/wp-json\/wp\/v2\/media\/1186"}],"wp:attachment":[{"href":"https:\/\/herzogtum-direkt.de\/index.php\/wp-json\/wp\/v2\/media?parent=26799"}],"wp:term":[{"taxonomy":"category","embeddable":true,"href":"https:\/\/herzogtum-direkt.de\/index.php\/wp-json\/wp\/v2\/categories?post=26799"},{"taxonomy":"post_tag","embeddable":true,"href":"https:\/\/herzogtum-direkt.de\/index.php\/wp-json\/wp\/v2\/tags?post=26799"}],"curies":[{"name":"wp","href":"https:\/\/api.w.org\/{rel}","templated":true}]}}