{"id":26110,"date":"2020-10-02T17:32:12","date_gmt":"2020-10-02T15:32:12","guid":{"rendered":"https:\/\/herzogtum-direkt.de\/?p=26110"},"modified":"2020-10-02T17:32:12","modified_gmt":"2020-10-02T15:32:12","slug":"landesregierung-erlaesst-neue-landesverordnung-zur-bekaempfung-des-coronavirus-quarantaeneverordnung-wird-verlaengert","status":"publish","type":"post","link":"https:\/\/herzogtum-direkt.de\/index.php\/2020\/10\/02\/landesregierung-erlaesst-neue-landesverordnung-zur-bekaempfung-des-coronavirus-quarantaeneverordnung-wird-verlaengert\/","title":{"rendered":"Landesregierung erl\u00e4sst neue Landesverordnung zur Bek\u00e4mpfung des Coronavirus \u2013 Quarant\u00e4neverordnung wird verl\u00e4ngert"},"content":{"rendered":"<p><strong>Kiel (pm).<\/strong> Aufgrund des auch in Schleswig-Holstein angestiegenen Infektionsgeschehens hat die Landesregierung die bereits am Dienstag (29. September) angek\u00fcndigten Anpassungen der Landesverordnung zur Bek\u00e4mpfung des Coronavirus gestern am Abend (1. Oktober) beschlossen. Die Anpassungen werden wie geplant am 5. Oktober 2020 in Kraft treten.<\/p>\n<p>In der neuen Landesverordnung sind insbesondere Klarstellungen und notwendige rechtliche Anpassungen aufgenommen. Unter anderem sind nun im Einzelhandel Hygienekonzepte f\u00fcr s\u00e4mtliche Einzelhandelsbetriebe verpflichtend. Zudem gibt es Klarstellungen zur au\u00dferschulischen Bildung. Die schulbezogene Maskenpflicht wurde in die eigenst\u00e4ndige Corona-Schul-Verordnung \u00fcberf\u00fchrt. Beim Veranstaltungsstufenkonzept wird angesichts der aktuellen Zahlen der Corona-Neuinfektionen vorerst keine weitere Stufe umgesetzt.<\/p>\n<p>Gesundheitsminister Dr. Heiner Garg: &#8222;Die aktuelle Lage l\u00e4sst keine weiteren Lockerungen zu. Dass wir auf das Infektionsgeschehen zurzeit noch mit lokalen Ma\u00dfnahmen reagieren k\u00f6nnen, ist ein gro\u00dfer Vorteil, den wir nicht leichtfertig verspielen d\u00fcrfen. Wenn wir alle R\u00fccksicht aufeinander nehmen und Verantwortung f\u00fcreinander \u00fcbernehmen, kommen wir gemeinsam auch gut durch Herbst und Winter.&#8220;<\/p>\n<p>Auf ein vorsichtiges Vorgehen hatten sich auch die Bundesregierung und die Bundesl\u00e4nder verst\u00e4ndigt. So soll ab einer gewissen epidemiologischen Relevanz auf eine regionale Dynamik mit hohen Neuinfektionszahlen und schnellem Anstieg der Infektionsrate sofort vor Ort mit Beschr\u00e4nkungen reagiert werden. Diese koordinieren Land und Gesundheits\u00e4mter auf Grundlage der Verordnung je nach Art und Umfang des Ausbruchsgeschehens.<\/p>\n<p>Bei der Corona-Quarant\u00e4neverordnung wurde eine Anpassung vorgenommen, um die Anwendung in der Praxis zu verbessern. So wurde eine Klarstellung f\u00fcr den Bereich Risikogebiete eingepflegt. Die angepasste Quarant\u00e4neverordnung tritt bereits heute (2. Oktober) in Kraft. Beide Landesverordnungen gelten bis einschlie\u00dflich 1. November 2020.<\/p>\n<p>Die Regelungen in Einzelnen finden Sie unter <a href=\"http:\/\/www.schleswig-holstein.de\/coronavirus-erlasse\" target=\"_blank\" rel=\"noopener noreferrer\">www.schleswig-holstein.de\/coronavirus-erlasse<\/a><\/p>\n","protected":false},"excerpt":{"rendered":"<p>Kiel (pm). Aufgrund des auch in Schleswig-Holstein angestiegenen Infektionsgeschehens hat die Landesregierung die bereits am Dienstag (29. September) angek\u00fcndigten Anpassungen der Landesverordnung zur Bek\u00e4mpfung des Coronavirus gestern am Abend (1. Oktober) beschlossen. Die Anpassungen werden wie geplant am 5. Oktober 2020 in Kraft treten. In der neuen Landesverordnung sind insbesondere Klarstellungen und notwendige rechtliche Anpassungen [&hellip;]<\/p>\n","protected":false},"author":2,"featured_media":21663,"comment_status":"open","ping_status":"closed","sticky":false,"template":"","format":"standard","meta":{"jnews-multi-image_gallery":[],"jnews_single_post":[],"jnews_primary_category":[],"jnews_social_meta":[],"jnews_override_counter":[],"jnews_post_split":[],"footnotes":""},"categories":[94,93],"tags":[2630],"class_list":["post-26110","post","type-post","status-publish","format-standard","has-post-thumbnail","hentry","category-deutschland","category-weltweit","tag-corona"],"_links":{"self":[{"href":"https:\/\/herzogtum-direkt.de\/index.php\/wp-json\/wp\/v2\/posts\/26110","targetHints":{"allow":["GET"]}}],"collection":[{"href":"https:\/\/herzogtum-direkt.de\/index.php\/wp-json\/wp\/v2\/posts"}],"about":[{"href":"https:\/\/herzogtum-direkt.de\/index.php\/wp-json\/wp\/v2\/types\/post"}],"author":[{"embeddable":true,"href":"https:\/\/herzogtum-direkt.de\/index.php\/wp-json\/wp\/v2\/users\/2"}],"replies":[{"embeddable":true,"href":"https:\/\/herzogtum-direkt.de\/index.php\/wp-json\/wp\/v2\/comments?post=26110"}],"version-history":[{"count":1,"href":"https:\/\/herzogtum-direkt.de\/index.php\/wp-json\/wp\/v2\/posts\/26110\/revisions"}],"predecessor-version":[{"id":26111,"href":"https:\/\/herzogtum-direkt.de\/index.php\/wp-json\/wp\/v2\/posts\/26110\/revisions\/26111"}],"wp:featuredmedia":[{"embeddable":true,"href":"https:\/\/herzogtum-direkt.de\/index.php\/wp-json\/wp\/v2\/media\/21663"}],"wp:attachment":[{"href":"https:\/\/herzogtum-direkt.de\/index.php\/wp-json\/wp\/v2\/media?parent=26110"}],"wp:term":[{"taxonomy":"category","embeddable":true,"href":"https:\/\/herzogtum-direkt.de\/index.php\/wp-json\/wp\/v2\/categories?post=26110"},{"taxonomy":"post_tag","embeddable":true,"href":"https:\/\/herzogtum-direkt.de\/index.php\/wp-json\/wp\/v2\/tags?post=26110"}],"curies":[{"name":"wp","href":"https:\/\/api.w.org\/{rel}","templated":true}]}}