{"id":26057,"date":"2020-09-30T11:15:49","date_gmt":"2020-09-30T09:15:49","guid":{"rendered":"https:\/\/herzogtum-direkt.de\/?p=26057"},"modified":"2020-09-30T11:15:49","modified_gmt":"2020-09-30T09:15:49","slug":"der-politische-film-ganz-gross-aus-dem-nichts-im-filmclub","status":"publish","type":"post","link":"https:\/\/herzogtum-direkt.de\/index.php\/2020\/09\/30\/der-politische-film-ganz-gross-aus-dem-nichts-im-filmclub\/","title":{"rendered":"Der politische Film &#8230; ganz GROSS: &#8218;Aus dem Nichts&#8216; im Filmclub"},"content":{"rendered":"<p><strong>Ratzeburg (pm).<\/strong> Beim Filmclub Burgtheater Ratzeburg gibt es am Mittwoch, 30. September, in der neuen Reihe \u201eDer politische Film &#8230; ganz GROSS&#8220; in Kooperation mit der Partnerschaft f\u00fcr Demokratie Stadt Ratzeburg \u2013 Amt Lauenburgische Seen zum Thema ALL LIVES MATTER Fatih Akin&#8217;s Drama-Triller-Mix \u201eAus dem Nichts&#8220; zu sehen. Beginn ist um 18.30 Uhr im Burgtheater Ratzeburg.<\/p>\n<p>Katja (Diane Kruger) verliert ihren Mann Nuri (Numan Acar) und ihren Sohn Rocco (Rafael Santana) bei einem Bombenanschlag. Sie ist tief ersch\u00fcttert. Es gibt niemanden, der ihre Trauer lindern kann \u2013 ihren Schmerz bet\u00e4ubt sie mit Drogen. Katja denkt daran, sich umzubringen. Als die Polizei das Neonazi-Paar Edda (Hanna Hilsdorf) und Andr\u00e9 M\u00f6ller (Ulrich Friedrich Brandhoff) verhaftet, weil ein entscheidender Hinweis von Andr\u00e9s Vater (Ulrich Tukur) einging, sch\u00f6pft Katja Hoffnung. Der Prozess, bei dem sie von Nuris bestem Freund Danilo Fava (Denis Moschitto) anwaltlich vertreten wird, ist anstrengend, doch die Aussicht auf eine Verurteilung der T\u00e4ter gibt Katja Kraft. Nachdem Verteidiger Haberbeck (Johannes Krisch) geschickt Zweifel ges\u00e4t hat, m\u00fcssen Edda und Andr\u00e9 mangels eindeutiger Beweise freigesprochen werden. Katja ist w\u00fctend&#8230;<\/p>\n<p>Der Eintritt ist f\u00fcr Jugendliche frei, Erwachsene zahlen nur f\u00fcnf Euro.<\/p>\n<p>Weitere Infos unter <a href=\"http:\/\/www.filmclub-ratzeburg.de\" target=\"_blank\" rel=\"noopener noreferrer\">www.filmclub-ratzeburg.de<\/a>.<\/p>\n<div class=\"brlbs-cmpnt-container brlbs-cmpnt-content-blocker brlbs-cmpnt-with-individual-styles\" data-borlabs-cookie-content-blocker-id=\"youtube-content-blocker\" data-borlabs-cookie-content=\"PGlmcmFtZSBzcmM9Imh0dHBzOi8vd3d3LnlvdXR1YmUtbm9jb29raWUuY29tL2VtYmVkLzhjU0RDWldHZ0hVIiB3aWR0aD0iMTE3OSIgaGVpZ2h0PSI2NjMiIGZyYW1lYm9yZGVyPSIwIiBhbGxvd2Z1bGxzY3JlZW49ImFsbG93ZnVsbHNjcmVlbiI+PC9pZnJhbWU+\">\n<div class=\"brlbs-cmpnt-cb-preset-c brlbs-cmpnt-cb-youtube\">\n<div class=\"brlbs-cmpnt-cb-thumbnail\" style=\"background-image: url('https:\/\/herzogtum-direkt.de\/wp-content\/uploads\/borlabs-cookie\/1\/yt_8cSDCZWGgHU_hqdefault.jpg')\"><\/div>\n<div class=\"brlbs-cmpnt-cb-main\">\n<div class=\"brlbs-cmpnt-cb-play-button\"><\/div>\n<div class=\"brlbs-cmpnt-cb-content\">\n<p class=\"brlbs-cmpnt-cb-description\">Sie sehen gerade einen Platzhalterinhalt von <strong>YouTube<\/strong>. Um auf den eigentlichen Inhalt zuzugreifen, klicken Sie auf die Schaltfl\u00e4che unten. Bitte beachten Sie, dass dabei Daten an Drittanbieter weitergegeben werden.<\/p>\n<p> <a class=\"brlbs-cmpnt-cb-provider-toggle\" href=\"#\" data-borlabs-cookie-show-provider-information role=\"button\">Mehr Informationen<\/a> <\/div>\n<div class=\"brlbs-cmpnt-cb-buttons\"> <a class=\"brlbs-cmpnt-cb-btn\" href=\"#\" data-borlabs-cookie-unblock role=\"button\">Inhalt entsperren<\/a> <a class=\"brlbs-cmpnt-cb-btn\" href=\"#\" data-borlabs-cookie-accept-service role=\"button\" style=\"display: inherit\">Erforderlichen Service akzeptieren und Inhalte entsperren<\/a> <\/div><\/div><\/div>\n<\/div>\n","protected":false},"excerpt":{"rendered":"<p>Ratzeburg (pm). Beim Filmclub Burgtheater Ratzeburg gibt es am Mittwoch, 30. September, in der neuen Reihe \u201eDer politische Film &#8230; ganz GROSS&#8220; in Kooperation mit der Partnerschaft f\u00fcr Demokratie Stadt Ratzeburg \u2013 Amt Lauenburgische Seen zum Thema ALL LIVES MATTER Fatih Akin&#8217;s Drama-Triller-Mix \u201eAus dem Nichts&#8220; zu sehen. Beginn ist um 18.30 Uhr im Burgtheater [&hellip;]<\/p>\n","protected":false},"author":2,"featured_media":26058,"comment_status":"open","ping_status":"closed","sticky":false,"template":"","format":"standard","meta":{"jnews-multi-image_gallery":[],"jnews_single_post":[],"jnews_primary_category":[],"jnews_social_meta":[],"jnews_override_counter":[],"jnews_post_split":[],"footnotes":""},"categories":[70],"tags":[],"class_list":["post-26057","post","type-post","status-publish","format-standard","has-post-thumbnail","hentry","category-kultur"],"_links":{"self":[{"href":"https:\/\/herzogtum-direkt.de\/index.php\/wp-json\/wp\/v2\/posts\/26057","targetHints":{"allow":["GET"]}}],"collection":[{"href":"https:\/\/herzogtum-direkt.de\/index.php\/wp-json\/wp\/v2\/posts"}],"about":[{"href":"https:\/\/herzogtum-direkt.de\/index.php\/wp-json\/wp\/v2\/types\/post"}],"author":[{"embeddable":true,"href":"https:\/\/herzogtum-direkt.de\/index.php\/wp-json\/wp\/v2\/users\/2"}],"replies":[{"embeddable":true,"href":"https:\/\/herzogtum-direkt.de\/index.php\/wp-json\/wp\/v2\/comments?post=26057"}],"version-history":[{"count":1,"href":"https:\/\/herzogtum-direkt.de\/index.php\/wp-json\/wp\/v2\/posts\/26057\/revisions"}],"predecessor-version":[{"id":26059,"href":"https:\/\/herzogtum-direkt.de\/index.php\/wp-json\/wp\/v2\/posts\/26057\/revisions\/26059"}],"wp:featuredmedia":[{"embeddable":true,"href":"https:\/\/herzogtum-direkt.de\/index.php\/wp-json\/wp\/v2\/media\/26058"}],"wp:attachment":[{"href":"https:\/\/herzogtum-direkt.de\/index.php\/wp-json\/wp\/v2\/media?parent=26057"}],"wp:term":[{"taxonomy":"category","embeddable":true,"href":"https:\/\/herzogtum-direkt.de\/index.php\/wp-json\/wp\/v2\/categories?post=26057"},{"taxonomy":"post_tag","embeddable":true,"href":"https:\/\/herzogtum-direkt.de\/index.php\/wp-json\/wp\/v2\/tags?post=26057"}],"curies":[{"name":"wp","href":"https:\/\/api.w.org\/{rel}","templated":true}]}}