{"id":25942,"date":"2020-09-24T09:38:52","date_gmt":"2020-09-24T07:38:52","guid":{"rendered":"https:\/\/herzogtum-direkt.de\/?p=25942"},"modified":"2020-09-24T09:38:52","modified_gmt":"2020-09-24T07:38:52","slug":"fehmarnbelt-guetertrasse-persoenliche-einwendungen-noch-bis-14-oktober-2020","status":"publish","type":"post","link":"https:\/\/herzogtum-direkt.de\/index.php\/2020\/09\/24\/fehmarnbelt-guetertrasse-persoenliche-einwendungen-noch-bis-14-oktober-2020\/","title":{"rendered":"Fehmarnbelt-G\u00fctertrasse \u2013 Pers\u00f6nliche Einwendungen noch bis 14. Oktober 2020"},"content":{"rendered":"<p><strong>M\u00f6lln\/Berlin (pm).<\/strong> Zur Frist f\u00fcr die pers\u00f6nlichen Einwendungen gegen die G\u00fcterbahntrasse der geplanten festen Fehmarnbelt-Querung, erkl\u00e4rt Konstantin von Notz, MdB und langj\u00e4hriger Kritiker der Querung: &#8222;Seit gestern verhandelt das Bundesverwaltungsgericht \u00fcber die Planungen der Hinterlandanbindung zur festen Fehmarnbelt-Querung. Im Zuge der Verhandlungen wird erneut deutlich, welch eklatante M\u00e4ngel den bisherigen Planungen immanent sind. Mein B\u00fcroleiter verfolgt die Verhandlungen im Leipzig vor Ort. Auf das Ende des Jahres erwartete Urteil bin ich sehr gespannt.&#8220;<\/p>\n<p>Von Notz weiter: &#8222;Unterdessen werden die sehr konkreten Auswirkungen der Realisierung der Hinterlandanbindung f\u00fcr die Anwohnerinnen und Anwohner insofern immer sichtbarer als dass mittlerweile \u00fcber zahlreiche Enteignungen im dichtbesiedelten Hamburger Stadtgebiet diskutiert wird. Aufmerksam machen m\u00f6chte ich an dieser Stelle noch einmal auf die derzeit ausliegenden Planungsunterlagen zur Hinterlandanbindung. Die betroffene Anrainerinnen und Anrainer entlang der Trasse fordere ich auf, von ihrem Recht Gebrauch zu machen und den Beh\u00f6rden ihre Einwendungen und kritischen Fragen bis zum 14. Oktober 2020 zu \u00fcbermitteln.&#8220;<\/p>\n<p>Hier eine Mustereinwendung der Stadt Fehmarn: <a href=\"https:\/\/www.stadtfehmarn.de\/Wirtschaft\/Feste-Fehmarnbelt-Querung\/B%C3%BCrgerbeteiligung-FFBQ. Hier Informationen der \u201eBeltretter&quot;: https:\/\/beltretter.de\/2020\/08\/31\/gueterbahntrasse-jetzt-die-eigene-einwendung-einsenden\/\" target=\"_blank\" rel=\"noopener noreferrer\">https:\/\/www.stadtfehmarn.de\/Wirtschaft\/Feste-Fehmarnbelt-Querung\/B%C3%BCrgerbeteiligung-FFBQ. Hier Informationen der \u201eBeltretter&#8220;: https:\/\/beltretter.de\/2020\/08\/31\/gueterbahntrasse-jetzt-die-eigene-einwendung-einsenden\/<\/a><\/p>\n","protected":false},"excerpt":{"rendered":"<p>M\u00f6lln\/Berlin (pm). Zur Frist f\u00fcr die pers\u00f6nlichen Einwendungen gegen die G\u00fcterbahntrasse der geplanten festen Fehmarnbelt-Querung, erkl\u00e4rt Konstantin von Notz, MdB und langj\u00e4hriger Kritiker der Querung: &#8222;Seit gestern verhandelt das Bundesverwaltungsgericht \u00fcber die Planungen der Hinterlandanbindung zur festen Fehmarnbelt-Querung. Im Zuge der Verhandlungen wird erneut deutlich, welch eklatante M\u00e4ngel den bisherigen Planungen immanent sind. Mein B\u00fcroleiter [&hellip;]<\/p>\n","protected":false},"author":2,"featured_media":1186,"comment_status":"open","ping_status":"closed","sticky":false,"template":"","format":"standard","meta":{"jnews-multi-image_gallery":[],"jnews_single_post":[],"jnews_primary_category":[],"jnews_social_meta":[],"jnews_override_counter":[],"jnews_post_split":[],"footnotes":""},"categories":[94,93],"tags":[390],"class_list":["post-25942","post","type-post","status-publish","format-standard","has-post-thumbnail","hentry","category-deutschland","category-weltweit","tag-fehmarnbelttunnel"],"_links":{"self":[{"href":"https:\/\/herzogtum-direkt.de\/index.php\/wp-json\/wp\/v2\/posts\/25942","targetHints":{"allow":["GET"]}}],"collection":[{"href":"https:\/\/herzogtum-direkt.de\/index.php\/wp-json\/wp\/v2\/posts"}],"about":[{"href":"https:\/\/herzogtum-direkt.de\/index.php\/wp-json\/wp\/v2\/types\/post"}],"author":[{"embeddable":true,"href":"https:\/\/herzogtum-direkt.de\/index.php\/wp-json\/wp\/v2\/users\/2"}],"replies":[{"embeddable":true,"href":"https:\/\/herzogtum-direkt.de\/index.php\/wp-json\/wp\/v2\/comments?post=25942"}],"version-history":[{"count":1,"href":"https:\/\/herzogtum-direkt.de\/index.php\/wp-json\/wp\/v2\/posts\/25942\/revisions"}],"predecessor-version":[{"id":25943,"href":"https:\/\/herzogtum-direkt.de\/index.php\/wp-json\/wp\/v2\/posts\/25942\/revisions\/25943"}],"wp:featuredmedia":[{"embeddable":true,"href":"https:\/\/herzogtum-direkt.de\/index.php\/wp-json\/wp\/v2\/media\/1186"}],"wp:attachment":[{"href":"https:\/\/herzogtum-direkt.de\/index.php\/wp-json\/wp\/v2\/media?parent=25942"}],"wp:term":[{"taxonomy":"category","embeddable":true,"href":"https:\/\/herzogtum-direkt.de\/index.php\/wp-json\/wp\/v2\/categories?post=25942"},{"taxonomy":"post_tag","embeddable":true,"href":"https:\/\/herzogtum-direkt.de\/index.php\/wp-json\/wp\/v2\/tags?post=25942"}],"curies":[{"name":"wp","href":"https:\/\/api.w.org\/{rel}","templated":true}]}}